{"id":7856,"date":"2025-10-24T04:00:00","date_gmt":"2025-10-24T04:00:00","guid":{"rendered":"https:\/\/radiomanchetefm.com.br\/wp\/2025\/10\/24\/prorrogado-prazo-para-georreferenciamento-de-imoveis-rurais\/"},"modified":"2025-10-24T04:00:00","modified_gmt":"2025-10-24T04:00:00","slug":"prorrogado-prazo-para-georreferenciamento-de-imoveis-rurais","status":"publish","type":"post","link":"https:\/\/radiomanchetefm.com.br\/wp\/2025\/10\/24\/prorrogado-prazo-para-georreferenciamento-de-imoveis-rurais\/","title":{"rendered":"Prorrogado prazo para georreferenciamento de im\u00f3veis rurais"},"content":{"rendered":"<p>\t\t\t\t\t\t\t\t\t\t<audio controls class=\"b61_audio_player\" data-noticia=\"85421\" src=\"https:\/\/brasil61.com\/rails\/active_storage\/blobs\/eyJfcmFpbHMiOnsibWVzc2FnZSI6IkJBaHBBeFN5QXc9PSIsImV4cCI6bnVsbCwicHVyIjoiYmxvYl9pZCJ9fQ==--90416d622e0c71771520f41be108b634000e6d9d\/BRAS2514997A\"><\/audio><\/p>\n<p>O prazo limite para a exig\u00eancia de certifica\u00e7\u00e3o de georreferenciamento dos im\u00f3veis rurais objeto de transfer\u00eancia foi prorrogado at\u00e9 outubro de 2029. A determina\u00e7\u00e3o consta no <a href=\"https:\/\/www.planalto.gov.br\/ccivil_03\/_ato2023-2026\/2025\/decreto\/D12689.htm\" target=\"_blank\" rel=\"noopener\">Decreto n\u00b0 12.689, de 2025<\/a>, editado pelo governo federal.\u00a0<\/p>\n<p>A sugest\u00e3o de ampliar o prazo em quatro anos foi apresentada pelo Minist\u00e9rio do Desenvolvimento Agr\u00e1rio e Agricultura Familiar <a href=\"https:\/\/www.gov.br\/mda\/pt-br\" target=\"_blank\" rel=\"noopener\">(MDA)<\/a>. A pasta levou em conta as dificuldades enfrentadas pelos propriet\u00e1rios de im\u00f3veis rurais.\u00a0<\/p>\n<p>Da forma que se encontrava o escalonamento da exig\u00eancia anteriormente, era notado \u201cum n\u00famero excessivo de im\u00f3veis rurais em situa\u00e7\u00e3o de irregularidade cadastral e registral\u201d, conforme analisou o governo.\u00a0<\/p>\n<p><a href=\"https:\/\/brasil61.com\/n\/agronegocios-nordeste-e-centro-oeste-dominam-ranking-dos-municipios-mais-desenvolvidos-na-agropecuaria-bras2514980\" target=\"_blank\" rel=\"noopener\">Agroneg\u00f3cios: Nordeste e Centro-Oeste dominam ranking dos munic\u00edpios mais desenvolvidos na agropecu\u00e1ria<\/a><\/p>\n<p>Ap\u00f3s a decis\u00e3o, o georeferenciamento nas hip\u00f3teses de desmebramento, parcelamento, remembramento ou qualquer situa\u00e7\u00e3o de transfer\u00eancia de im\u00f3veis agora s\u00f3 ser\u00e1 exigido a partir do dia 21 de novembro de 2029.<\/p>\n<p>Para o governo, a unifica\u00e7\u00e3o do prazo permite que os propriet\u00e1rios de im\u00f3veis rurais de quaisquer dimens\u00f5es tenham mais tempo para organizar um planejamento, assim<\/p>\n<p>como a efetiva\u00e7\u00e3o do georreferenciamento.<br \/>\n\u00a0<\/p>\n<p>\t\t\t\t\t\t\t\t\t<img loading=\"lazy\" decoding=\"async\" src=\"https:\/\/brasil61.com\/api\/v1\/serve_pixel\/20291\/85421\" alt=\"Pixel Brasil 61\" class=\"b61_pixel\" width=\"0\" height=\"0\"><\/p>\n<div class=\"br61_backlink\">\n<p>\n\t\t\t\tFonte: <a href=\"https:\/\/brasil61.com\/prorrogado-prazo-para-georreferenciamento-de-imoveis-rurais-bras2514997\" title=\"Artigo Original: Prorrogado prazo para georreferenciamento de im\u00f3veis rurais\" target=\"_blank\" rel=\"noopener\">Brasil 61<\/a>\n\t\t\t<\/p>\n<\/p><\/div>\n<input type=\"hidden\" id=\"baseurl\" value=\"https:\/\/radiomanchetefm.com.br\/wp\"><input type=\"hidden\" id=\"audio_nonce\" value=\"9305122ff7\"> ","protected":false},"excerpt":{"rendered":"<p>A sugest\u00e3o de ampliar o prazo at\u00e9 2029 levou em conta as dificuldades enfrentadas pelos propriet\u00e1rios de im\u00f3veis rurais para efetivar a medida<\/p>\n","protected":false},"author":2,"featured_media":7857,"comment_status":"open","ping_status":"open","sticky":false,"template":"","format":"standard","meta":{"_monsterinsights_skip_tracking":false,"_monsterinsights_sitenote_active":false,"_monsterinsights_sitenote_note":"","_monsterinsights_sitenote_category":0,"footnotes":""},"categories":[17],"tags":[],"_links":{"self":[{"href":"https:\/\/radiomanchetefm.com.br\/wp\/wp-json\/wp\/v2\/posts\/7856"}],"collection":[{"href":"https:\/\/radiomanchetefm.com.br\/wp\/wp-json\/wp\/v2\/posts"}],"about":[{"href":"https:\/\/radiomanchetefm.com.br\/wp\/wp-json\/wp\/v2\/types\/post"}],"author":[{"embeddable":true,"href":"https:\/\/radiomanchetefm.com.br\/wp\/wp-json\/wp\/v2\/users\/2"}],"replies":[{"embeddable":true,"href":"https:\/\/radiomanchetefm.com.br\/wp\/wp-json\/wp\/v2\/comments?post=7856"}],"version-history":[{"count":0,"href":"https:\/\/radiomanchetefm.com.br\/wp\/wp-json\/wp\/v2\/posts\/7856\/revisions"}],"wp:featuredmedia":[{"embeddable":true,"href":"https:\/\/radiomanchetefm.com.br\/wp\/wp-json\/wp\/v2\/media\/7857"}],"wp:attachment":[{"href":"https:\/\/radiomanchetefm.com.br\/wp\/wp-json\/wp\/v2\/media?parent=7856"}],"wp:term":[{"taxonomy":"category","embeddable":true,"href":"https:\/\/radiomanchetefm.com.br\/wp\/wp-json\/wp\/v2\/categories?post=7856"},{"taxonomy":"post_tag","embeddable":true,"href":"https:\/\/radiomanchetefm.com.br\/wp\/wp-json\/wp\/v2\/tags?post=7856"}],"curies":[{"name":"wp","href":"https:\/\/api.w.org\/{rel}","templated":true}]}}