{"id":6883,"date":"2025-09-02T21:00:00","date_gmt":"2025-09-02T21:00:00","guid":{"rendered":"https:\/\/radiomanchetefm.com.br\/wp\/2025\/09\/02\/dolar-moeda-tem-terceira-alta-seguida\/"},"modified":"2025-09-02T21:00:00","modified_gmt":"2025-09-02T21:00:00","slug":"dolar-moeda-tem-terceira-alta-seguida","status":"publish","type":"post","link":"https:\/\/radiomanchetefm.com.br\/wp\/2025\/09\/02\/dolar-moeda-tem-terceira-alta-seguida\/","title":{"rendered":"D\u00f3lar: moeda tem terceira alta seguida"},"content":{"rendered":"<p>\t\t\t\t\t\t\t\t\t\t<audio controls class=\"b61_audio_player\" data-noticia=\"84372\" src=\"https:\/\/brasil61.com\/rails\/active_storage\/blobs\/eyJfcmFpbHMiOnsibWVzc2FnZSI6IkJBaHBBOEdVQXc9PSIsImV4cCI6bnVsbCwicHVyIjoiYmxvYl9pZCJ9fQ==--b4ff3e0ee0bf58fa5efa0059b55aac56fec0547d\/BRAS2514644A\"><\/audio><\/p>\n<p><!--StartFragment --><\/p>\n<p style=\"text-align: justify\">O d\u00f3lar terminou esta ter\u00e7a-feira (2)\u00a0<strong>cotado a R$ 4,47, ap\u00f3s\u00a0<\/strong>encerrar\u00a0o \u00faltimo preg\u00e3o em <strong>alta\u00a0de 0,65%<\/strong>.\u00a0 A moeda tem terceira\u00a0alta frente ao real.\u00a0<\/p>\n<p style=\"text-align: justify\">A moeda abriu em alta na reabertura dos mercados dos Estados Unidos, refletindo principalmente avalia\u00e7\u00f5es de risco mais elevadas e a expectativa de divulga\u00e7\u00e3o de dados econ\u00f4micos, como o relat\u00f3rio de emprego de agosto.\u00a0<\/p>\n<p style=\"text-align: justify\">Al\u00e9m disso, o c\u00e2mbio reagiu a incertezas na pol\u00edtica comercial dos EUA. Na ultima sexta-feira, um tribunal de recursos norte-americano considerou ilegais a maioria das tarifas impostas durante o governo Trump, o que limita o uso de dessas medidas como ferramenta de pol\u00edtica econ\u00f4mica internacional.\u00a0<\/p>\n<p><!--EndFragment --><\/p>\n<h2>Cota\u00e7\u00e3o do euro<\/h2>\n<p>O <strong>euro <\/strong>encerrou o \u00faltimo preg\u00e3o com leve\u00a0<strong>desempenho negativo<\/strong>, cotado a <strong>R$ 6,36<\/strong>.\u00a0<\/p>\n<h2>Cota\u00e7\u00f5es<\/h2>\n<p>A tabela abaixo mostra as cota\u00e7\u00f5es cruzadas entre as principais moedas internacionais e o real. Cada c\u00e9lula indica quanto vale 1 unidade da moeda da linha em rela\u00e7\u00e3o \u00e0 moeda da coluna.<\/p>\n<table>\n<thead>\n<tr>\n<th>C\u00f3digo<\/th>\n<th>BRL<\/th>\n<th>USD<\/th>\n<th>EUR<\/th>\n<th>GBP<\/th>\n<th>JPY<\/th>\n<th>CHF<\/th>\n<th>CAD<\/th>\n<th>AUD<\/th>\n<\/tr>\n<\/thead>\n<tbody>\n<tr>\n<td>BRL<\/td>\n<td>1<\/td>\n<td>0.1828<\/td>\n<td>0.1570<\/td>\n<td>0.1365<\/td>\n<td>27.1224<\/td>\n<td>0.1471<\/td>\n<td>0.2519<\/td>\n<td>0.2802<\/td>\n<\/tr>\n<tr>\n<td>USD<\/td>\n<td>5.4715<\/td>\n<td>1<\/td>\n<td>0.8591<\/td>\n<td>0.7467<\/td>\n<td>148.40<\/td>\n<td>0.8048<\/td>\n<td>1.3780<\/td>\n<td>1.5335<\/td>\n<\/tr>\n<tr>\n<td>EUR<\/td>\n<td>6.3694<\/td>\n<td>1.1639<\/td>\n<td>1<\/td>\n<td>0.8693<\/td>\n<td>172.73<\/td>\n<td>0.9367<\/td>\n<td>1.6040<\/td>\n<td>1.7851<\/td>\n<\/tr>\n<tr>\n<td>GBP<\/td>\n<td>7.3271<\/td>\n<td>1.3392<\/td>\n<td>1.1505<\/td>\n<td>1<\/td>\n<td>198.73<\/td>\n<td>1.0777<\/td>\n<td>1.8453<\/td>\n<td>2.0537<\/td>\n<\/tr>\n<tr>\n<td>JPY<\/td>\n<td>3.68696<\/td>\n<td>0.673855<\/td>\n<td>0.57894<\/td>\n<td>0.503208<\/td>\n<td>1<\/td>\n<td>0.5423<\/td>\n<td>0.92861<\/td>\n<td>1.03338<\/td>\n<\/tr>\n<tr>\n<td>CHF<\/td>\n<td>6.7985<\/td>\n<td>1.2426<\/td>\n<td>1.0675<\/td>\n<td>0.9279<\/td>\n<td>184.40<\/td>\n<td>1<\/td>\n<td>1.7123<\/td>\n<td>1.9055<\/td>\n<\/tr>\n<tr>\n<td>CAD<\/td>\n<td>3.9703<\/td>\n<td>0.7257<\/td>\n<td>0.6234<\/td>\n<td>0.5419<\/td>\n<td>107.69<\/td>\n<td>0.5840<\/td>\n<td>1<\/td>\n<td>1.1127<\/td>\n<\/tr>\n<tr>\n<td>AUD<\/td>\n<td>3.5683<\/td>\n<td>0.6521<\/td>\n<td>0.5602<\/td>\n<td>0.4869<\/td>\n<td>96.77<\/td>\n<td>0.5248<\/td>\n<td>0.8986<\/td>\n<td>1<\/td>\n<\/tr>\n<\/tbody>\n<\/table>\n<p>Os dados s\u00e3o da <a href=\"https:\/\/br.investing.com\/currencies\/exchange-rates-table\" target=\"_blank\" rel=\"noopener\">Investing.com<\/a><\/p>\n<p>\t\t\t\t\t\t\t\t\t<img loading=\"lazy\" decoding=\"async\" src=\"https:\/\/brasil61.com\/api\/v1\/serve_pixel\/20291\/84372\" alt=\"Pixel Brasil 61\" class=\"b61_pixel\" width=\"0\" height=\"0\"><\/p>\n<div class=\"br61_backlink\">\n<p>\n\t\t\t\tFonte: <a href=\"https:\/\/brasil61.com\/dolar-moeda-tem-terceira-alta-seguida-bras2514644\" title=\"Artigo Original: D\u00f3lar: moeda tem terceira alta seguida\" target=\"_blank\" rel=\"noopener\">Brasil 61<\/a>\n\t\t\t<\/p>\n<\/p><\/div>\n<input type=\"hidden\" id=\"baseurl\" value=\"https:\/\/radiomanchetefm.com.br\/wp\"><input type=\"hidden\" id=\"audio_nonce\" value=\"c8b7b433c3\"> ","protected":false},"excerpt":{"rendered":"<p>Influenciada pela tens\u00e3o comercial entre Brasil e Estados Unidos, a moeda norte-americana fechou \u00faltimo preg\u00e3o cotada a R$ 4,47<\/p>\n","protected":false},"author":2,"featured_media":6884,"comment_status":"open","ping_status":"open","sticky":false,"template":"","format":"standard","meta":{"_monsterinsights_skip_tracking":false,"_monsterinsights_sitenote_active":false,"_monsterinsights_sitenote_note":"","_monsterinsights_sitenote_category":0,"footnotes":""},"categories":[18],"tags":[],"_links":{"self":[{"href":"https:\/\/radiomanchetefm.com.br\/wp\/wp-json\/wp\/v2\/posts\/6883"}],"collection":[{"href":"https:\/\/radiomanchetefm.com.br\/wp\/wp-json\/wp\/v2\/posts"}],"about":[{"href":"https:\/\/radiomanchetefm.com.br\/wp\/wp-json\/wp\/v2\/types\/post"}],"author":[{"embeddable":true,"href":"https:\/\/radiomanchetefm.com.br\/wp\/wp-json\/wp\/v2\/users\/2"}],"replies":[{"embeddable":true,"href":"https:\/\/radiomanchetefm.com.br\/wp\/wp-json\/wp\/v2\/comments?post=6883"}],"version-history":[{"count":0,"href":"https:\/\/radiomanchetefm.com.br\/wp\/wp-json\/wp\/v2\/posts\/6883\/revisions"}],"wp:featuredmedia":[{"embeddable":true,"href":"https:\/\/radiomanchetefm.com.br\/wp\/wp-json\/wp\/v2\/media\/6884"}],"wp:attachment":[{"href":"https:\/\/radiomanchetefm.com.br\/wp\/wp-json\/wp\/v2\/media?parent=6883"}],"wp:term":[{"taxonomy":"category","embeddable":true,"href":"https:\/\/radiomanchetefm.com.br\/wp\/wp-json\/wp\/v2\/categories?post=6883"},{"taxonomy":"post_tag","embeddable":true,"href":"https:\/\/radiomanchetefm.com.br\/wp\/wp-json\/wp\/v2\/tags?post=6883"}],"curies":[{"name":"wp","href":"https:\/\/api.w.org\/{rel}","templated":true}]}}