{"id":596,"date":"2024-04-13T17:05:29","date_gmt":"2024-04-13T17:05:29","guid":{"rendered":"https:\/\/radiomanchetefm.com.br\/wp\/2024\/04\/13\/uefa-abre-investigacao-contra-o-barcelona-apos-prisao-de-dois-torcedores-em-jogo-com-o-psg\/"},"modified":"2024-04-13T17:05:29","modified_gmt":"2024-04-13T17:05:29","slug":"uefa-abre-investigacao-contra-o-barcelona-apos-prisao-de-dois-torcedores-em-jogo-com-o-psg","status":"publish","type":"post","link":"https:\/\/radiomanchetefm.com.br\/wp\/2024\/04\/13\/uefa-abre-investigacao-contra-o-barcelona-apos-prisao-de-dois-torcedores-em-jogo-com-o-psg\/","title":{"rendered":"Uefa abre investiga\u00e7\u00e3o contra o Barcelona ap\u00f3s pris\u00e3o de dois torcedores em jogo com o PSG"},"content":{"rendered":"<p>O Paris Saint-Germain apresentou den\u00fancias sobre o caso<\/p><input type=\"hidden\" id=\"baseurl\" value=\"https:\/\/radiomanchetefm.com.br\/wp\"><input type=\"hidden\" id=\"audio_nonce\" value=\"c8b7b433c3\"> ","protected":false},"excerpt":{"rendered":"<p>O Paris Saint-Germain apresentou den\u00fancias sobre o caso<\/p>\n","protected":false},"author":1,"featured_media":597,"comment_status":"open","ping_status":"open","sticky":false,"template":"","format":"standard","meta":{"_monsterinsights_skip_tracking":false,"_monsterinsights_sitenote_active":false,"_monsterinsights_sitenote_note":"","_monsterinsights_sitenote_category":0,"footnotes":""},"categories":[1],"tags":[],"_links":{"self":[{"href":"https:\/\/radiomanchetefm.com.br\/wp\/wp-json\/wp\/v2\/posts\/596"}],"collection":[{"href":"https:\/\/radiomanchetefm.com.br\/wp\/wp-json\/wp\/v2\/posts"}],"about":[{"href":"https:\/\/radiomanchetefm.com.br\/wp\/wp-json\/wp\/v2\/types\/post"}],"author":[{"embeddable":true,"href":"https:\/\/radiomanchetefm.com.br\/wp\/wp-json\/wp\/v2\/users\/1"}],"replies":[{"embeddable":true,"href":"https:\/\/radiomanchetefm.com.br\/wp\/wp-json\/wp\/v2\/comments?post=596"}],"version-history":[{"count":0,"href":"https:\/\/radiomanchetefm.com.br\/wp\/wp-json\/wp\/v2\/posts\/596\/revisions"}],"wp:featuredmedia":[{"embeddable":true,"href":"https:\/\/radiomanchetefm.com.br\/wp\/wp-json\/wp\/v2\/media\/597"}],"wp:attachment":[{"href":"https:\/\/radiomanchetefm.com.br\/wp\/wp-json\/wp\/v2\/media?parent=596"}],"wp:term":[{"taxonomy":"category","embeddable":true,"href":"https:\/\/radiomanchetefm.com.br\/wp\/wp-json\/wp\/v2\/categories?post=596"},{"taxonomy":"post_tag","embeddable":true,"href":"https:\/\/radiomanchetefm.com.br\/wp\/wp-json\/wp\/v2\/tags?post=596"}],"curies":[{"name":"wp","href":"https:\/\/api.w.org\/{rel}","templated":true}]}}