{"id":3816,"date":"2025-01-05T00:02:00","date_gmt":"2025-01-05T00:02:00","guid":{"rendered":"https:\/\/radiomanchetefm.com.br\/wp\/2025\/01\/05\/mei-contribuicao-vai-aumentar-a-partir-de-janeiro\/"},"modified":"2025-01-05T00:02:00","modified_gmt":"2025-01-05T00:02:00","slug":"mei-contribuicao-vai-aumentar-a-partir-de-janeiro","status":"publish","type":"post","link":"https:\/\/radiomanchetefm.com.br\/wp\/2025\/01\/05\/mei-contribuicao-vai-aumentar-a-partir-de-janeiro\/","title":{"rendered":"MEI: contribui\u00e7\u00e3o vai aumentar a partir de janeiro"},"content":{"rendered":"<p>\t\t\t\t\t\t\t\t\t\t<audio controls class=\"b61_audio_player\" data-noticia=\"79386\" src=\"https:\/\/brasil61.com\/rails\/active_storage\/blobs\/eyJfcmFpbHMiOnsibWVzc2FnZSI6IkJBaHBBNlFqQXc9PSIsImV4cCI6bnVsbCwicHVyIjoiYmxvYl9pZCJ9fQ==--395887cc0334ad93e94c405371d73b2f806655c6\/BRAS2513252A\"><\/audio><\/p>\n<p>A partir deste m\u00eas de janeiro, o valor recolhido mensalmente pelos Microempreendedores Individuais (MEIs) passa para R$ 75,90 e pode chegar a at\u00e9 R$ 81,90, a depender da atividade exercida. Isso ocorre porque houve aumento do sal\u00e1rio m\u00ednimo, de R$ 1.412 para R$ 1.518, com ganho de 7,5% acima da infla\u00e7\u00e3o. Com isso, alguns benef\u00edcios sociais e cobran\u00e7as tamb\u00e9m s\u00e3o reajustados, como o Documento de Arrecada\u00e7\u00e3o do Simples Nacional (DAS-MEI).<\/p>\n<p>O DAS-MEI ter\u00e1 um novo valor porque ele inclui o valor referente \u00e0 contribui\u00e7\u00e3o para o Instituto Nacional do Seguro Social (INSS), custo que representa 5% do sal\u00e1rio m\u00ednimo para MEI mais R$ 1 para quem exerce atividades sujeitas ao pagamento de ICMS e R$ 5 para aqueles que exercem atividades sujeitas ao ISSQN.<\/p>\n<p>Para o MEI Caminhoneiro, o valor do DAS mensal ser\u00e1 entre R$ 182,16 e R$ 188,16, de acordo com o tipo de produto transportado e local para onde \u00e9 destinado, segundo informa\u00e7\u00f5es do Sebrae.<\/p>\n<p>DAS-MEI O pagamento do DAS-MEI \u00e9 obrigat\u00f3rio e ocorre todo dia 20 de cada m\u00eas. E deve ocorrer mesmo que o microempreendedor individual n\u00e3o esteja atuando.<\/p>\n<p>Pela guia de pagamento s\u00e3o recolhidos os impostos de ICMS e ISS, al\u00e9m da contribui\u00e7\u00e3o ao INSS.<\/p>\n<p>Por meio da contribui\u00e7\u00e3o obrigat\u00f3ria, o trabalhador dessa modalidade tem direito a v\u00e1rios benef\u00edcios previdenci\u00e1rios, como aposentadoria por invalidez, aux\u00edlio-doen\u00e7a, sal\u00e1rio-maternidade, pens\u00e3o por morte, aposentadoria por idade e aux\u00edlio-reclus\u00e3o para seus familiares.<\/p>\n<p>\t\t\t\t\t\t\t\t\t<img loading=\"lazy\" decoding=\"async\" src=\"https:\/\/brasil61.com\/api\/v1\/serve_pixel\/20291\/79386\" alt=\"Pixel Brasil 61\" class=\"b61_pixel\" width=\"0\" height=\"0\"><\/p>\n<div class=\"br61_backlink\">\n<p>\n\t\t\t\tFonte: <a href=\"https:\/\/brasil61.com\/mei-contribuicao-vai-aumentar-a-partir-de-janeiro-bras2513252\" title=\"Artigo Original: MEI: contribui\u00e7\u00e3o vai aumentar a partir de janeiro\" target=\"_blank\" rel=\"noopener\">Brasil 61<\/a>\n\t\t\t<\/p>\n<\/p><\/div>\n<input type=\"hidden\" id=\"baseurl\" value=\"https:\/\/radiomanchetefm.com.br\/wp\"><input type=\"hidden\" id=\"audio_nonce\" value=\"357f43bced\"> ","protected":false},"excerpt":{"rendered":"<p>Com o reajuste do sal\u00e1rio m\u00ednimo, a taxa paga por MEIs passa para R$ 75,90 e pode chegar at\u00e9 R$ 81,90, a depender da atividade exercida<\/p>\n","protected":false},"author":2,"featured_media":3817,"comment_status":"open","ping_status":"open","sticky":false,"template":"","format":"standard","meta":{"_monsterinsights_skip_tracking":false,"_monsterinsights_sitenote_active":false,"_monsterinsights_sitenote_note":"","_monsterinsights_sitenote_category":0,"footnotes":""},"categories":[18],"tags":[],"_links":{"self":[{"href":"https:\/\/radiomanchetefm.com.br\/wp\/wp-json\/wp\/v2\/posts\/3816"}],"collection":[{"href":"https:\/\/radiomanchetefm.com.br\/wp\/wp-json\/wp\/v2\/posts"}],"about":[{"href":"https:\/\/radiomanchetefm.com.br\/wp\/wp-json\/wp\/v2\/types\/post"}],"author":[{"embeddable":true,"href":"https:\/\/radiomanchetefm.com.br\/wp\/wp-json\/wp\/v2\/users\/2"}],"replies":[{"embeddable":true,"href":"https:\/\/radiomanchetefm.com.br\/wp\/wp-json\/wp\/v2\/comments?post=3816"}],"version-history":[{"count":0,"href":"https:\/\/radiomanchetefm.com.br\/wp\/wp-json\/wp\/v2\/posts\/3816\/revisions"}],"wp:featuredmedia":[{"embeddable":true,"href":"https:\/\/radiomanchetefm.com.br\/wp\/wp-json\/wp\/v2\/media\/3817"}],"wp:attachment":[{"href":"https:\/\/radiomanchetefm.com.br\/wp\/wp-json\/wp\/v2\/media?parent=3816"}],"wp:term":[{"taxonomy":"category","embeddable":true,"href":"https:\/\/radiomanchetefm.com.br\/wp\/wp-json\/wp\/v2\/categories?post=3816"},{"taxonomy":"post_tag","embeddable":true,"href":"https:\/\/radiomanchetefm.com.br\/wp\/wp-json\/wp\/v2\/tags?post=3816"}],"curies":[{"name":"wp","href":"https:\/\/api.w.org\/{rel}","templated":true}]}}