{"id":3241,"date":"2024-11-20T03:00:00","date_gmt":"2024-11-20T03:00:00","guid":{"rendered":"https:\/\/radiomanchetefm.com.br\/wp\/2024\/11\/20\/boi-gordo-comeca-a-quarta-feira-20-com-alta-no-preco\/"},"modified":"2024-11-20T03:00:00","modified_gmt":"2024-11-20T03:00:00","slug":"boi-gordo-comeca-a-quarta-feira-20-com-alta-no-preco","status":"publish","type":"post","link":"https:\/\/radiomanchetefm.com.br\/wp\/2024\/11\/20\/boi-gordo-comeca-a-quarta-feira-20-com-alta-no-preco\/","title":{"rendered":"Boi gordo come\u00e7a a quarta-feira (20) com alta no pre\u00e7o"},"content":{"rendered":"<p>\t\t\t\t\t\t\t\t\t\t<audio controls class=\"b61_audio_player\" data-noticia=\"78616\" src=\"https:\/\/brasil61.com\/rails\/active_storage\/blobs\/eyJfcmFpbHMiOnsibWVzc2FnZSI6IkJBaHBBeElUQXc9PSIsImV4cCI6bnVsbCwicHVyIjoiYmxvYl9pZCJ9fQ==--e4795457aa211c5421d44b6296b152b3a00be779\/PAGR245178A\"><\/audio><\/p>\n<p>A arroba do boi gordo teve alta de 0,07% no pre\u00e7o e passou a custar R$ 344,45, em S\u00e3o Paulo, nesta quarta-feira (20).\u00a0<\/p>\n<p>Para o frango congelado, o \u00faltimo fechamento tamb\u00e9m foi de alta no pre\u00e7o, com o produto vendido a R$ 7,97 em atacados da Grande S\u00e3o Paulo, S\u00e3o Jos\u00e9 do Rio Preto e Descalvado. O frango resfriado tamb\u00e9m teve eleva\u00e7\u00e3o no pre\u00e7o e o produto \u00e9 comercializado a R$ 8,07.<\/p>\n<p>O pre\u00e7o da carca\u00e7a su\u00edna especial teve aumento de 0,20%\u00a0e a mercadoria \u00e9 negociada a R$ 15, na Grande S\u00e3o Paulo, enquanto o su\u00edno vivo \u00e9 negociado a R$ 10,06 em S\u00e3o Paulo e a R$ 9,71 em Santa Catarina.\u00a0<\/p>\n<p>Os dados s\u00e3o do Cepea.\u00a0<\/p>\n<p>\u00a0<\/p>\n<p>\t\t\t\t\t\t\t\t\t<img loading=\"lazy\" decoding=\"async\" src=\"https:\/\/brasil61.com\/api\/v1\/serve_pixel\/20291\/78616\" alt=\"Pixel Brasil 61\" class=\"b61_pixel\" width=\"0\" height=\"0\"><\/p>\n<div class=\"br61_backlink\">\n<p>\n\t\t\t\tFonte: <a href=\"https:\/\/brasil61.com\/boi-gordo-comeca-a-quarta-feira-20-com-alta-no-preco-pagr245178\" title=\"Artigo Original: Boi gordo come\u00e7a a quarta-feira (20) com alta no pre\u00e7o\" target=\"_blank\" rel=\"noopener\">Brasil 61<\/a>\n\t\t\t<\/p>\n<\/p><\/div>\n<input type=\"hidden\" id=\"baseurl\" value=\"https:\/\/radiomanchetefm.com.br\/wp\"><input type=\"hidden\" id=\"audio_nonce\" value=\"357f43bced\"> ","protected":false},"excerpt":{"rendered":"<p>O pre\u00e7o da carca\u00e7a su\u00edna especial teve aumento de 0,20% e a mercadoria \u00e9 negociada a R$ 15, na Grande S\u00e3o Paulo<\/p>\n","protected":false},"author":2,"featured_media":3242,"comment_status":"open","ping_status":"open","sticky":false,"template":"","format":"standard","meta":{"_monsterinsights_skip_tracking":false,"_monsterinsights_sitenote_active":false,"_monsterinsights_sitenote_note":"","_monsterinsights_sitenote_category":0,"footnotes":""},"categories":[17],"tags":[],"_links":{"self":[{"href":"https:\/\/radiomanchetefm.com.br\/wp\/wp-json\/wp\/v2\/posts\/3241"}],"collection":[{"href":"https:\/\/radiomanchetefm.com.br\/wp\/wp-json\/wp\/v2\/posts"}],"about":[{"href":"https:\/\/radiomanchetefm.com.br\/wp\/wp-json\/wp\/v2\/types\/post"}],"author":[{"embeddable":true,"href":"https:\/\/radiomanchetefm.com.br\/wp\/wp-json\/wp\/v2\/users\/2"}],"replies":[{"embeddable":true,"href":"https:\/\/radiomanchetefm.com.br\/wp\/wp-json\/wp\/v2\/comments?post=3241"}],"version-history":[{"count":0,"href":"https:\/\/radiomanchetefm.com.br\/wp\/wp-json\/wp\/v2\/posts\/3241\/revisions"}],"wp:featuredmedia":[{"embeddable":true,"href":"https:\/\/radiomanchetefm.com.br\/wp\/wp-json\/wp\/v2\/media\/3242"}],"wp:attachment":[{"href":"https:\/\/radiomanchetefm.com.br\/wp\/wp-json\/wp\/v2\/media?parent=3241"}],"wp:term":[{"taxonomy":"category","embeddable":true,"href":"https:\/\/radiomanchetefm.com.br\/wp\/wp-json\/wp\/v2\/categories?post=3241"},{"taxonomy":"post_tag","embeddable":true,"href":"https:\/\/radiomanchetefm.com.br\/wp\/wp-json\/wp\/v2\/tags?post=3241"}],"curies":[{"name":"wp","href":"https:\/\/api.w.org\/{rel}","templated":true}]}}