{"id":296,"date":"2020-12-14T19:50:11","date_gmt":"2020-12-14T19:50:11","guid":{"rendered":"https:\/\/radiomanchetefm.com.br\/wp\/?p=296"},"modified":"2020-12-14T19:50:13","modified_gmt":"2020-12-14T19:50:13","slug":"nova-decisao-do-tj-volta-a-suspender-investigacao-contra-padre-robson","status":"publish","type":"post","link":"https:\/\/radiomanchetefm.com.br\/wp\/2020\/12\/14\/nova-decisao-do-tj-volta-a-suspender-investigacao-contra-padre-robson\/","title":{"rendered":"Nova decis\u00e3o do TJ volta a suspender investiga\u00e7\u00e3o contra Padre Robson."},"content":{"rendered":"\n<p>O desembargador<strong>&nbsp;Leobino Chaves<\/strong>&nbsp;derrubou a liminar que dava aval para a retomada das investiga\u00e7\u00f5es do&nbsp;<a href=\"https:\/\/www.mpgo.mp.br\/portal\"><strong>Minist\u00e9rio P\u00fablico (MP-GO)<\/strong><\/a>&nbsp;contra o<a href=\"https:\/\/www.emaisgoias.com.br\/?s=Padre+Robson+\" target=\"_blank\" rel=\"noreferrer noopener\"><strong>&nbsp;Padre Robson<\/strong><\/a>. O religioso e outras 17 pessoas chegaram a ser denunciados por supostos desvios de recursos da&nbsp;<strong>Associa\u00e7\u00e3o dos Filhos e Filhas do Pai Eterno (Afipe)<\/strong>&nbsp;no \u00faltimo dia 4 de dezembro.<\/p>\n\n\n\n<p>De acordo com o desembargador, a decis\u00e3o tomada pelo presidente do&nbsp;<strong>Tribunal de Justi\u00e7a de Goi\u00e1s (TJ-GO)<\/strong>, Walter Lemes, n\u00e3o poderia decretar de forma monocrom\u00e1tica os efeitos suspensivos da 1\u00aa C\u00e2mera Criminal do TJ-GO, dada no \u00faltimo dia 6 de outubro, que interrompeu, pela primeira vez, as apura\u00e7\u00f5es.<\/p>\n\n\n\n<p>Com isso, Padre Robson e outros 17 investigados deixam, pelo menos neste primeiro momento, ficam de serem r\u00e9u.<\/p>\n\n\n\n<p>emaisgoias.com.br<\/p>\n<input type=\"hidden\" id=\"baseurl\" value=\"https:\/\/radiomanchetefm.com.br\/wp\"><input type=\"hidden\" id=\"audio_nonce\" value=\"6675c3d9e2\"> ","protected":false},"excerpt":{"rendered":"<p>O desembargador&nbsp;Leobino Chaves&nbsp;derrubou a liminar que dava aval para a retomada das investiga\u00e7\u00f5es do&nbsp;Minist\u00e9rio P\u00fablico (MP-GO)&nbsp;contra o&nbsp;Padre Robson. O religioso<\/p>\n","protected":false},"author":1,"featured_media":297,"comment_status":"open","ping_status":"open","sticky":false,"template":"","format":"standard","meta":{"_monsterinsights_skip_tracking":false,"_monsterinsights_sitenote_active":false,"_monsterinsights_sitenote_note":"","_monsterinsights_sitenote_category":0,"footnotes":""},"categories":[9],"tags":[],"_links":{"self":[{"href":"https:\/\/radiomanchetefm.com.br\/wp\/wp-json\/wp\/v2\/posts\/296"}],"collection":[{"href":"https:\/\/radiomanchetefm.com.br\/wp\/wp-json\/wp\/v2\/posts"}],"about":[{"href":"https:\/\/radiomanchetefm.com.br\/wp\/wp-json\/wp\/v2\/types\/post"}],"author":[{"embeddable":true,"href":"https:\/\/radiomanchetefm.com.br\/wp\/wp-json\/wp\/v2\/users\/1"}],"replies":[{"embeddable":true,"href":"https:\/\/radiomanchetefm.com.br\/wp\/wp-json\/wp\/v2\/comments?post=296"}],"version-history":[{"count":1,"href":"https:\/\/radiomanchetefm.com.br\/wp\/wp-json\/wp\/v2\/posts\/296\/revisions"}],"predecessor-version":[{"id":298,"href":"https:\/\/radiomanchetefm.com.br\/wp\/wp-json\/wp\/v2\/posts\/296\/revisions\/298"}],"wp:featuredmedia":[{"embeddable":true,"href":"https:\/\/radiomanchetefm.com.br\/wp\/wp-json\/wp\/v2\/media\/297"}],"wp:attachment":[{"href":"https:\/\/radiomanchetefm.com.br\/wp\/wp-json\/wp\/v2\/media?parent=296"}],"wp:term":[{"taxonomy":"category","embeddable":true,"href":"https:\/\/radiomanchetefm.com.br\/wp\/wp-json\/wp\/v2\/categories?post=296"},{"taxonomy":"post_tag","embeddable":true,"href":"https:\/\/radiomanchetefm.com.br\/wp\/wp-json\/wp\/v2\/tags?post=296"}],"curies":[{"name":"wp","href":"https:\/\/api.w.org\/{rel}","templated":true}]}}