{"id":2703,"date":"2024-10-11T03:30:00","date_gmt":"2024-10-11T03:30:00","guid":{"rendered":"https:\/\/radiomanchetefm.com.br\/wp\/2024\/10\/11\/saca-do-cafe-arabica-e-comercializada-a-r-1-47666-apos-alta-de-240\/"},"modified":"2024-10-11T03:30:00","modified_gmt":"2024-10-11T03:30:00","slug":"saca-do-cafe-arabica-e-comercializada-a-r-1-47666-apos-alta-de-240","status":"publish","type":"post","link":"https:\/\/radiomanchetefm.com.br\/wp\/2024\/10\/11\/saca-do-cafe-arabica-e-comercializada-a-r-1-47666-apos-alta-de-240\/","title":{"rendered":"Saca do caf\u00e9 ar\u00e1bica \u00e9 comercializada a R$ 1.476,66, ap\u00f3s alta de 2,40%"},"content":{"rendered":"<p>\t\t\t\t\t\t\t\t\t\t<audio controls class=\"b61_audio_player\" data-noticia=\"77943\" src=\"https:\/\/brasil61.com\/rails\/active_storage\/blobs\/eyJfcmFpbHMiOnsibWVzc2FnZSI6IkJBaHBBeWdKQXc9PSIsImV4cCI6bnVsbCwicHVyIjoiYmxvYl9pZCJ9fQ==--cf4b591ad80f8d0c528d2496c26aa9556cad0b59\/PAGR245099A\"><\/audio><\/p>\n<p>Nesta sexta-feira (11), o pre\u00e7o do caf\u00e9 ar\u00e1bica est\u00e1 cotado a R$ 1.476,66, por saca de 60kg, na cidade de S\u00e3o Paulo. O valor representa uma alta de 2,40% em rela\u00e7\u00e3o ao \u00faltimo fechamento. O caf\u00e9 robusta tamb\u00e9m teve alta de 1,55% e a saca est\u00e1 custando R$ 1.397,07 no Esp\u00edrito Santo.\u00a0<\/p>\n<p>O a\u00e7\u00facar cristal teve aumento de 1,53% na cidade de S\u00e3o Paulo e a saca de 50 kg \u00e9 comercializada a R$ 148,44. Em Santos, o aumento do a\u00e7\u00facar foi de 1,13% e a saca passou a custar R$ 157,70.<\/p>\n<p>O milho, por sua vez, subiu 0,92% e a saca de 60 kg est\u00e1 custando R$ 67,69 na regi\u00e3o de refer\u00eancia de Campinas, no interior paulista.<\/p>\n<p>Os valores s\u00e3o do Cepea.<\/p>\n<p>\t\t\t\t\t\t\t\t\t<img loading=\"lazy\" decoding=\"async\" src=\"https:\/\/brasil61.com\/api\/v1\/serve_pixel\/20291\/77943\" alt=\"Pixel Brasil 61\" class=\"b61_pixel\" width=\"0\" height=\"0\"><\/p>\n<div class=\"br61_backlink\">\n<p>\n\t\t\t\tFonte: <a href=\"https:\/\/brasil61.com\/saca-do-cafe-arabica-e-comercializada-a-r-1-476-66-apos-alta-de-2-40-pagr245099\" title=\"Artigo Original: Saca do caf\u00e9 ar\u00e1bica \u00e9 comercializada a R$ 1.476,66, ap\u00f3s alta de 2,40%\" target=\"_blank\" rel=\"noopener\">Brasil 61<\/a>\n\t\t\t<\/p>\n<\/p><\/div>\n<input type=\"hidden\" id=\"baseurl\" value=\"https:\/\/radiomanchetefm.com.br\/wp\"><input type=\"hidden\" id=\"audio_nonce\" value=\"6932dcb909\"> ","protected":false},"excerpt":{"rendered":"<p>Caf\u00e9 robusta subiu 1,55%. A\u00e7\u00facar cristal e milho tamb\u00e9m tiveram aumentos no \u00faltimo fechamento<\/p>\n","protected":false},"author":2,"featured_media":2704,"comment_status":"open","ping_status":"open","sticky":false,"template":"","format":"standard","meta":{"_monsterinsights_skip_tracking":false,"_monsterinsights_sitenote_active":false,"_monsterinsights_sitenote_note":"","_monsterinsights_sitenote_category":0,"footnotes":""},"categories":[17],"tags":[],"_links":{"self":[{"href":"https:\/\/radiomanchetefm.com.br\/wp\/wp-json\/wp\/v2\/posts\/2703"}],"collection":[{"href":"https:\/\/radiomanchetefm.com.br\/wp\/wp-json\/wp\/v2\/posts"}],"about":[{"href":"https:\/\/radiomanchetefm.com.br\/wp\/wp-json\/wp\/v2\/types\/post"}],"author":[{"embeddable":true,"href":"https:\/\/radiomanchetefm.com.br\/wp\/wp-json\/wp\/v2\/users\/2"}],"replies":[{"embeddable":true,"href":"https:\/\/radiomanchetefm.com.br\/wp\/wp-json\/wp\/v2\/comments?post=2703"}],"version-history":[{"count":0,"href":"https:\/\/radiomanchetefm.com.br\/wp\/wp-json\/wp\/v2\/posts\/2703\/revisions"}],"wp:featuredmedia":[{"embeddable":true,"href":"https:\/\/radiomanchetefm.com.br\/wp\/wp-json\/wp\/v2\/media\/2704"}],"wp:attachment":[{"href":"https:\/\/radiomanchetefm.com.br\/wp\/wp-json\/wp\/v2\/media?parent=2703"}],"wp:term":[{"taxonomy":"category","embeddable":true,"href":"https:\/\/radiomanchetefm.com.br\/wp\/wp-json\/wp\/v2\/categories?post=2703"},{"taxonomy":"post_tag","embeddable":true,"href":"https:\/\/radiomanchetefm.com.br\/wp\/wp-json\/wp\/v2\/tags?post=2703"}],"curies":[{"name":"wp","href":"https:\/\/api.w.org\/{rel}","templated":true}]}}