{"id":2222,"date":"2024-09-11T00:06:00","date_gmt":"2024-09-11T00:06:00","guid":{"rendered":"https:\/\/radiomanchetefm.com.br\/wp\/2024\/09\/11\/industria-com-emprego-em-alta-2024-segue-em-crescimento\/"},"modified":"2024-09-11T00:06:00","modified_gmt":"2024-09-11T00:06:00","slug":"industria-com-emprego-em-alta-2024-segue-em-crescimento","status":"publish","type":"post","link":"https:\/\/radiomanchetefm.com.br\/wp\/2024\/09\/11\/industria-com-emprego-em-alta-2024-segue-em-crescimento\/","title":{"rendered":"Ind\u00fastria: com emprego em alta, 2024 segue em crescimento"},"content":{"rendered":"<p>\t\t\t\t\t\t\t\t\t\t<audio controls class=\"b61_audio_player\" data-noticia=\"76346\" src=\"https:\/\/brasil61.com\/rails\/active_storage\/blobs\/eyJfcmFpbHMiOnsibWVzc2FnZSI6IkJBaHBBenYvQWc9PSIsImV4cCI6bnVsbCwicHVyIjoiYmxvYl9pZCJ9fQ==--f3ab6d4837f3fe8cb3ef7c6a8bd86a066d3bf38e\/BRAS2412613A\"><\/audio><\/p>\n<p>Um dos term\u00f4metros da economia do pa\u00eds, a ind\u00fastria brasileira segue este ano em patamares de crescimento, quando comparada com os n\u00fameros de 2023. \u00c9 isso que revela a mais recente pesquisa Indicadores Industriais, da Confedera\u00e7\u00e3o Nacional da Ind\u00fastria (CNI).<\/p>\n<p>Apesar de nem todos os indicadores terem sido positivos, o quadro geral \u00e9 de otimismo, avalia o gerente de An\u00e1lise Econ\u00f4mica da CNI, Marcelo Azevedo.<br \/>\n\u00a0<br \/>\n\u201cPor mais que algumas das vari\u00e1veis tenham ca\u00eddo de junho para julho, ao comparar o per\u00edodo de janeiro a julho deste ano com o ano passado, todas as vari\u00e1veis mostram alta, algumas expressivas, tanto aquelas mais ligadas \u00e0 atividade, como o faturamento, a utiliza\u00e7\u00e3o da capacidade instalada, como aquelas mais ligadas ao mercado de trabalho, como rendimento ou massa salarial\u201d, avalia Marcelo Azevedo.<\/p>\n<h2>Emprego e horas trabalhadas na produ\u00e7\u00e3o crescem<\/h2>\n<p>Nos \u00faltimos dez meses, todos os resultados de emprego na ind\u00fastria foram positivos, revela a pesquisa. No acumulado dos sete primeiros meses deste ano, frente ao mesmo per\u00edodo do ano passado, o emprego cresceu 1,7%. Mas quando comparado a julho de 2023, o \u00edndice apresenta alta de 2,2%.\u00a0<br \/>\n\u00a0<br \/>\nAlta tamb\u00e9m no n\u00famero de horas trabalhadas na produ\u00e7\u00e3o. \u201cO resultado da passagem de junho para julho merece destaque, horas trabalhadas que mantiveram\u00a0uma tend\u00eancia de alta, alguns meses com crescimento, teve um crescimento de 0,9% na passagem de junho para julho, ent\u00e3o, nos \u00faltimos meses, ele j\u00e1 vem trazendo uma trajet\u00f3ria de alta que se manteve.\u201d avalia o gerente de An\u00e1lise Econ\u00f4mica da CNI.<\/p>\n<p>Com rela\u00e7\u00e3o ao faturamento, houve estabilidade: 0,1% positiva entre junho e julho. Mas comparado julho passado, o indicador teve forte alta de 15,2%. Esse indicador est\u00e1 em seu maior patamar desde janeiro de 2021.<\/p>\n<h2>Queda da massa salarial e rendimento m\u00e9dio<\/h2>\n<p>A queda da massa salarial da ind\u00fastria entre julho e junho foi de 3,6%. Indicador que, desde mar\u00e7o deste ano, vem alternando entre altas e quedas significativas. Apesar da queda recente, a soma dos resultados de janeiro a julho deste ano \u00e9 3,4% maior que a do mesmo per\u00edodo do ano passado.<br \/>\n\u00a0<br \/>\nOutro indicador que registrou queda em junho foi o do rendimento m\u00e9dio real da ind\u00fastria de transforma\u00e7\u00e3o \u2014 que caiu 3,7% em rela\u00e7\u00e3o a junho. Ainda assim, os n\u00fameros seguem positivos na compara\u00e7\u00e3o com 2023, avalia Marcelo Azevedo.<\/p>\n<p>\u201cOs dois \u00edndices, tanto massa salarial quanto rendimento m\u00e9dio, vem mostrando oscila\u00e7\u00f5es fortes , especialmente a partir de abril deste ano, mas mesmo temos mostrado o que \u00e9 de agora, na passagem de junho para julho, ambos os \u00edndices, quando se toma a m\u00e9dia de janeiro a julho de 2024, se compara com 2023, eles mostram alta, assim como os outros indicadores.\u201d<\/p>\n<p>Todo m\u00eas a pesquisa Indicadores Industriais identifica a evolu\u00e7\u00e3o de curto prazo da atividade industrial e \u00e9 importante para indicar o comportamento da atividade industrial por meio de vari\u00e1veis como faturamento, emprego, remunera\u00e7\u00e3o e utiliza\u00e7\u00e3o da capacidade.<\/p>\n<p>\t\t\t\t\t\t\t\t\t<img loading=\"lazy\" decoding=\"async\" src=\"https:\/\/brasil61.com\/api\/v1\/serve_pixel\/20291\/76346\" alt=\"Pixel Brasil 61\" class=\"b61_pixel\" width=\"0\" height=\"0\"><\/p>\n<div class=\"br61_backlink\">\n<p>\n\t\t\t\tFonte: <a href=\"https:\/\/brasil61.com\/industria-com-emprego-em-alta-2024-segue-em-crescimento-bras2412613\" title=\"Artigo Original: Ind\u00fastria: com emprego em alta, 2024 segue em crescimento \" target=\"_blank\" rel=\"noopener\">Brasil 61<\/a>\n\t\t\t<\/p>\n<\/p><\/div>\n<input type=\"hidden\" id=\"baseurl\" value=\"https:\/\/radiomanchetefm.com.br\/wp\"><input type=\"hidden\" id=\"audio_nonce\" value=\"c8b7b433c3\"> ","protected":false},"excerpt":{"rendered":"<p>Horas trabalhadas na produ\u00e7\u00e3o industrial tamb\u00e9m est\u00e3o em alta, mas massa salarial e rendimento m\u00e9dio ca\u00edram<\/p>\n","protected":false},"author":2,"featured_media":0,"comment_status":"open","ping_status":"open","sticky":false,"template":"","format":"standard","meta":{"_monsterinsights_skip_tracking":false,"_monsterinsights_sitenote_active":false,"_monsterinsights_sitenote_note":"","_monsterinsights_sitenote_category":0,"footnotes":""},"categories":[18],"tags":[],"_links":{"self":[{"href":"https:\/\/radiomanchetefm.com.br\/wp\/wp-json\/wp\/v2\/posts\/2222"}],"collection":[{"href":"https:\/\/radiomanchetefm.com.br\/wp\/wp-json\/wp\/v2\/posts"}],"about":[{"href":"https:\/\/radiomanchetefm.com.br\/wp\/wp-json\/wp\/v2\/types\/post"}],"author":[{"embeddable":true,"href":"https:\/\/radiomanchetefm.com.br\/wp\/wp-json\/wp\/v2\/users\/2"}],"replies":[{"embeddable":true,"href":"https:\/\/radiomanchetefm.com.br\/wp\/wp-json\/wp\/v2\/comments?post=2222"}],"version-history":[{"count":0,"href":"https:\/\/radiomanchetefm.com.br\/wp\/wp-json\/wp\/v2\/posts\/2222\/revisions"}],"wp:attachment":[{"href":"https:\/\/radiomanchetefm.com.br\/wp\/wp-json\/wp\/v2\/media?parent=2222"}],"wp:term":[{"taxonomy":"category","embeddable":true,"href":"https:\/\/radiomanchetefm.com.br\/wp\/wp-json\/wp\/v2\/categories?post=2222"},{"taxonomy":"post_tag","embeddable":true,"href":"https:\/\/radiomanchetefm.com.br\/wp\/wp-json\/wp\/v2\/tags?post=2222"}],"curies":[{"name":"wp","href":"https:\/\/api.w.org\/{rel}","templated":true}]}}