{"id":1812,"date":"2024-08-19T03:00:00","date_gmt":"2024-08-19T03:00:00","guid":{"rendered":"https:\/\/radiomanchetefm.com.br\/wp\/2024\/08\/19\/principais-proteinas-consumidas-no-brasil-estao-em-alta\/"},"modified":"2024-08-19T03:00:00","modified_gmt":"2024-08-19T03:00:00","slug":"principais-proteinas-consumidas-no-brasil-estao-em-alta","status":"publish","type":"post","link":"https:\/\/radiomanchetefm.com.br\/wp\/2024\/08\/19\/principais-proteinas-consumidas-no-brasil-estao-em-alta\/","title":{"rendered":"Principais prote\u00ednas consumidas no Brasil est\u00e3o em alta"},"content":{"rendered":"<p>\t\t\t\t\t\t\t\t\t\t<audio controls class=\"b61_audio_player\" data-noticia=\"74316\" src=\"https:\/\/brasil61.com\/rails\/active_storage\/blobs\/eyJfcmFpbHMiOnsibWVzc2FnZSI6IkJBaHBBeFB4QWc9PSIsImV4cCI6bnVsbCwicHVyIjoiYmxvYl9pZCJ9fQ==--63a34ac0cea4aabd45cd47c35b413e862c07da16\/PAGR244986A\"><\/audio><\/p>\n<p>No \u00faltimo fechamento, os pre\u00e7os do frango congelado e do resfriado ca\u00edram na Grande S\u00e3o Paulo, S\u00e3o Jos\u00e9 do Rio Preto e Descalvado. O quilo do frango congelado \u00e9 negociado a R$ 7,20 e do resfriado a R$ 7,40. \u00a0<\/p>\n<p>De acordo com os especialistas do Cepea\/USP, a carne de frango \u00e9 a que menos tem sofrido altas de pre\u00e7os no pa\u00eds, diferente das carnes bovina e su\u00edna. No \u00faltimo fechamento, tamb\u00e9m em S\u00e3o Paulo, a arroba do boi gordo subiu 0,30%, cotada a R$ 233,50.\u00a0<\/p>\n<p>J\u00e1 para a carca\u00e7a su\u00edna especial, h\u00e1 estabilidade de pre\u00e7os, a R$ 12,35\/quilo. Para o quilo do su\u00edno vivo, houve forte alta de 4,55% em Santa Catarina, onde o quilo custa R$ 8,10.\u00a0<\/p>\n<p>As informa\u00e7\u00f5es s\u00e3o do <a href=\"https:\/\/www.cepea.esalq.usp.br\/br\">Cepea<\/a>.\u00a0<\/p>\n<p>\t\t\t\t\t\t\t\t\t<img loading=\"lazy\" decoding=\"async\" src=\"https:\/\/brasil61.com\/api\/v1\/serve_pixel\/20291\/74316\" alt=\"Pixel Brasil 61\" class=\"b61_pixel\" width=\"0\" height=\"0\"><\/p>\n<div class=\"br61_backlink\">\n<p>\n\t\t\t\tFonte: <a href=\"https:\/\/brasil61.com\/principais-proteinas-consumidas-no-brasil-estao-em-alta-pagr244986\" title=\"Artigo Original: Principais prote\u00ednas consumidas no Brasil est\u00e3o em alta \" target=\"_blank\" rel=\"noopener\">Brasil 61<\/a>\n\t\t\t<\/p>\n<\/p><\/div>\n<input type=\"hidden\" id=\"baseurl\" value=\"https:\/\/radiomanchetefm.com.br\/wp\"><input type=\"hidden\" id=\"audio_nonce\" value=\"c8b7b433c3\"> ","protected":false},"excerpt":{"rendered":"<p>De acordo com os pesquisadores do Cepea\/USP, carne bovina e su\u00edna subiram de pre\u00e7os. Entretanto, para o frango, as varia\u00e7\u00f5es s\u00e3o menos intensas<\/p>\n","protected":false},"author":2,"featured_media":1813,"comment_status":"open","ping_status":"open","sticky":false,"template":"","format":"standard","meta":{"_monsterinsights_skip_tracking":false,"_monsterinsights_sitenote_active":false,"_monsterinsights_sitenote_note":"","_monsterinsights_sitenote_category":0,"footnotes":""},"categories":[17],"tags":[],"_links":{"self":[{"href":"https:\/\/radiomanchetefm.com.br\/wp\/wp-json\/wp\/v2\/posts\/1812"}],"collection":[{"href":"https:\/\/radiomanchetefm.com.br\/wp\/wp-json\/wp\/v2\/posts"}],"about":[{"href":"https:\/\/radiomanchetefm.com.br\/wp\/wp-json\/wp\/v2\/types\/post"}],"author":[{"embeddable":true,"href":"https:\/\/radiomanchetefm.com.br\/wp\/wp-json\/wp\/v2\/users\/2"}],"replies":[{"embeddable":true,"href":"https:\/\/radiomanchetefm.com.br\/wp\/wp-json\/wp\/v2\/comments?post=1812"}],"version-history":[{"count":0,"href":"https:\/\/radiomanchetefm.com.br\/wp\/wp-json\/wp\/v2\/posts\/1812\/revisions"}],"wp:featuredmedia":[{"embeddable":true,"href":"https:\/\/radiomanchetefm.com.br\/wp\/wp-json\/wp\/v2\/media\/1813"}],"wp:attachment":[{"href":"https:\/\/radiomanchetefm.com.br\/wp\/wp-json\/wp\/v2\/media?parent=1812"}],"wp:term":[{"taxonomy":"category","embeddable":true,"href":"https:\/\/radiomanchetefm.com.br\/wp\/wp-json\/wp\/v2\/categories?post=1812"},{"taxonomy":"post_tag","embeddable":true,"href":"https:\/\/radiomanchetefm.com.br\/wp\/wp-json\/wp\/v2\/tags?post=1812"}],"curies":[{"name":"wp","href":"https:\/\/api.w.org\/{rel}","templated":true}]}}