{"id":1554,"date":"2024-08-04T00:01:00","date_gmt":"2024-08-04T00:01:00","guid":{"rendered":"https:\/\/radiomanchetefm.com.br\/wp\/2024\/08\/04\/isencao-tributaria-para-farelo-e-oleo-de-milho-entra-em-vigor\/"},"modified":"2024-08-04T00:01:00","modified_gmt":"2024-08-04T00:01:00","slug":"isencao-tributaria-para-farelo-e-oleo-de-milho-entra-em-vigor","status":"publish","type":"post","link":"https:\/\/radiomanchetefm.com.br\/wp\/2024\/08\/04\/isencao-tributaria-para-farelo-e-oleo-de-milho-entra-em-vigor\/","title":{"rendered":"Isen\u00e7\u00e3o tribut\u00e1ria para farelo e \u00f3leo de milho entra em vigor"},"content":{"rendered":"<p>\t\t\t\t\t\t\t\t\t\t<audio controls class=\"b61_audio_player\" data-noticia=\"73819\" src=\"https:\/\/brasil61.com\/rails\/active_storage\/blobs\/eyJfcmFpbHMiOnsibWVzc2FnZSI6IkJBaHBBeFhzQWc9PSIsImV4cCI6bnVsbCwicHVyIjoiYmxvYl9pZCJ9fQ==--96d7358340e06931dffc75a1f6ada689cec7655c\/BRAS2412284A\"><\/audio><\/p>\n<p>A Lei n\u00ba 14.943\u00a0entrou em vigor em 1\u00ba de agosto e\u00a0estende ao farelo e ao \u00f3leo de milho a regula\u00e7\u00e3o tribut\u00e1ria aplicada \u00e0 soja. Dessa forma, a incid\u00eancia da Contribui\u00e7\u00e3o para os Programas de Integra\u00e7\u00e3o Social e de Forma\u00e7\u00e3o do Patrim\u00f4nio do Servidor P\u00fablico (Contribui\u00e7\u00e3o para o PIS\/Pasep) e da Contribui\u00e7\u00e3o para o Financiamento da Seguridade Social (Cofins) ficam suspensas em rela\u00e7\u00e3o \u00e0s receitas decorrentes da venda dos produtos.<\/p>\n<p>Segundo o ministro da Agricultura e Pecu\u00e1ria, Carlos F\u00e1varo, a medida tem um impacto positivo na cadeia de produ\u00e7\u00e3o do gr\u00e3o e das prote\u00ednas animais como um todo. Isso porque os farelos de milho s\u00e3o utilizados para a nutri\u00e7\u00e3o animal na ra\u00e7\u00e3o.<\/p>\n<p>Pela norma, as empresas sujeitas ao regime de apura\u00e7\u00e3o n\u00e3o cumulativa das contribui\u00e7\u00f5es poder\u00e3o descontar em cada per\u00edodo de apura\u00e7\u00e3o\u00a0um cr\u00e9dito presumido. O montante deve ser calculado sobre a receita da venda no mercado interno ou da exporta\u00e7\u00e3o dos produtos classificados na Tabela de Incid\u00eancia do Imposto sobre Produtos Industrializados (Tipi)<\/p>\n<p>A\u00a0al\u00edquota\u00a0estabelecida\u00a0\u00e9 de 27% para comercializa\u00e7\u00e3o de \u00f3leo de soja e de milho e de outros produtos da Tipi. Pelo texto, a porcentagem ser\u00e1 adotada sobre o valor de aquisi\u00e7\u00e3o de \u00f3leo de soja e de \u00f3leo de milho classificados como insumo.<\/p>\n<p><strong>Veja mais:<\/strong><br \/>\n<a href=\"https:\/\/brasil61.com\/n\/isencao-tributaria-para-farelo-e-oleo-de-milho-beneficiara-setor-agricola-aponta-senadora-tereza-cristina-bras2411948\">Isen\u00e7\u00e3o tribut\u00e1ria para farelo e \u00f3leo de milho beneficiar\u00e1 setor agr\u00edcola, aponta senadora Tereza Cristina<\/a><\/p>\n<h2>Benef\u00edcios aos produtores e consumidores<\/h2>\n<p>Para a presidente da Cooperativa Agropecu\u00e1ria Mista Regional de Irec\u00ea (Copirec\u00ea), na Bahia, Zene Vieira, a isen\u00e7\u00e3o para o \u00f3leo e farelo de milho beneficia os produtores com pre\u00e7os melhores e mais competitivos no mercado.<\/p>\n<p>&#8220;Somos uma cooperativa de pequenos agricultores familiares, que tem 4.800 agricultores pequenos aqui no interior da Bahia, no territ\u00f3rio de Irec\u00ea. Para n\u00f3s, isso vai ter um\u00a0significado muito grande, porque o farelo de milho \u00e9 um dos produtos que a cooperativa trabalha. Com o fim dessa taxa\u00e7\u00e3o, os produtores conseguem ter mais acesso \u00e0 compra do farelo, consegue ter pre\u00e7os melhores, mais competitivos&#8221;, avalia Zene.<\/p>\n<p>Na avalia\u00e7\u00e3o do relator da proposta na C\u00e2mara, deputado S\u00e9rgio Souza (MDB-PR), ex-presidente da Frente Parlamentar da Agropecu\u00e1ria (FPA), a nova norma torna os alimentos mais acess\u00edveis \u00e0 popula\u00e7\u00e3o.<\/p>\n<p>\u201cTemos os melhores alimentos de prote\u00edna animal do mundo, agora com valores mais baixos. Uma bandeira constante do setor agropecu\u00e1rio brasileiro \u00e9 levar comida saud\u00e1vel e acess\u00edvel \u00e0 popula\u00e7\u00e3o\u201d, destacou.<\/p>\n<p>\t\t\t\t\t\t\t\t\t<img loading=\"lazy\" decoding=\"async\" src=\"https:\/\/brasil61.com\/api\/v1\/serve_pixel\/20291\/73819\" alt=\"Pixel Brasil 61\" class=\"b61_pixel\" width=\"0\" height=\"0\"><\/p>\n<div class=\"br61_backlink\">\n<p>\n\t\t\t\tFonte: <a href=\"https:\/\/brasil61.com\/isencao-tributaria-para-farelo-e-oleo-de-milho-entra-em-vigor-bras2412284\" title=\"Artigo Original:  Isen\u00e7\u00e3o tribut\u00e1ria para farelo e \u00f3leo de milho entra em vigor\" target=\"_blank\" rel=\"noopener\">Brasil 61<\/a>\n\t\t\t<\/p>\n<\/p><\/div>\n<input type=\"hidden\" id=\"baseurl\" value=\"https:\/\/radiomanchetefm.com.br\/wp\"><input type=\"hidden\" id=\"audio_nonce\" value=\"357f43bced\"> ","protected":false},"excerpt":{"rendered":"<p>A Lei n\u00ba 14.943 estende ao farelo e ao \u00f3leo de milho a regula\u00e7\u00e3o tribut\u00e1ria aplicada \u00e0 soja \u2013 isen\u00e7\u00e3o do PIS\/Pasep e da Cofins. Representante da \u00e1rea avalia que medida promove melhores pre\u00e7os e mais competitividade para produtores. Para o relator da proposta na C\u00e2mara, deputado S\u00e9rgio Souza (MDB-PR), a nova norma torna os alimentos mais acess\u00edveis \u00e0 popula\u00e7\u00e3o.<\/p>\n","protected":false},"author":2,"featured_media":1555,"comment_status":"open","ping_status":"open","sticky":false,"template":"","format":"standard","meta":{"_monsterinsights_skip_tracking":false,"_monsterinsights_sitenote_active":false,"_monsterinsights_sitenote_note":"","_monsterinsights_sitenote_category":0,"footnotes":""},"categories":[17],"tags":[],"_links":{"self":[{"href":"https:\/\/radiomanchetefm.com.br\/wp\/wp-json\/wp\/v2\/posts\/1554"}],"collection":[{"href":"https:\/\/radiomanchetefm.com.br\/wp\/wp-json\/wp\/v2\/posts"}],"about":[{"href":"https:\/\/radiomanchetefm.com.br\/wp\/wp-json\/wp\/v2\/types\/post"}],"author":[{"embeddable":true,"href":"https:\/\/radiomanchetefm.com.br\/wp\/wp-json\/wp\/v2\/users\/2"}],"replies":[{"embeddable":true,"href":"https:\/\/radiomanchetefm.com.br\/wp\/wp-json\/wp\/v2\/comments?post=1554"}],"version-history":[{"count":0,"href":"https:\/\/radiomanchetefm.com.br\/wp\/wp-json\/wp\/v2\/posts\/1554\/revisions"}],"wp:featuredmedia":[{"embeddable":true,"href":"https:\/\/radiomanchetefm.com.br\/wp\/wp-json\/wp\/v2\/media\/1555"}],"wp:attachment":[{"href":"https:\/\/radiomanchetefm.com.br\/wp\/wp-json\/wp\/v2\/media?parent=1554"}],"wp:term":[{"taxonomy":"category","embeddable":true,"href":"https:\/\/radiomanchetefm.com.br\/wp\/wp-json\/wp\/v2\/categories?post=1554"},{"taxonomy":"post_tag","embeddable":true,"href":"https:\/\/radiomanchetefm.com.br\/wp\/wp-json\/wp\/v2\/tags?post=1554"}],"curies":[{"name":"wp","href":"https:\/\/api.w.org\/{rel}","templated":true}]}}