{"id":12076,"date":"2026-04-30T04:45:00","date_gmt":"2026-04-30T04:45:00","guid":{"rendered":"https:\/\/radiomanchetefm.com.br\/wp\/2026\/04\/30\/promulgacao-do-acordo-mercosul-uniao-europeia-cria-novas-perspectivas-para-o-agronegocio-diz-ministro-andre-de-paula\/"},"modified":"2026-04-30T04:45:00","modified_gmt":"2026-04-30T04:45:00","slug":"promulgacao-do-acordo-mercosul-uniao-europeia-cria-novas-perspectivas-para-o-agronegocio-diz-ministro-andre-de-paula","status":"publish","type":"post","link":"https:\/\/radiomanchetefm.com.br\/wp\/2026\/04\/30\/promulgacao-do-acordo-mercosul-uniao-europeia-cria-novas-perspectivas-para-o-agronegocio-diz-ministro-andre-de-paula\/","title":{"rendered":"Promulga\u00e7\u00e3o do acordo Mercosul-Uni\u00e3o Europeia cria novas perspectivas para o agroneg\u00f3cio, diz ministro Andr\u00e9 de Paula"},"content":{"rendered":"<p>\t\t\t\t\t\t\t\t\t\t\t<audio controls class=\"b61_audio_player\" data-noticia=\"89220\" src=\"https:\/\/brasil61.com\/rails\/active_storage\/blobs\/eyJfcmFpbHMiOnsibWVzc2FnZSI6IkJBaHBBMWdjQkE9PSIsImV4cCI6bnVsbCwicHVyIjoiYmxvYl9pZCJ9fQ==--d231ea62abb719ae692190b66726474096d8de70\/MAPA260063A\"><\/audio><\/p>\n<p><strong>Em cerim\u00f4nia no Pal\u00e1cio do Planalto na ter\u00e7a-feira (28), o presidente Luiz In\u00e1cio Lula da Silva assinou o decreto que promulga o acordo comercial entre o Mercosul e a Uni\u00e3o Europeia. O ato marca o encerramento de mais de duas d\u00e9cadas de negocia\u00e7\u00f5es e foi acompanhado pelo ministro da Agricultura e Pecu\u00e1ria, Andr\u00e9 de Paula.<\/strong><\/p>\n<p>Segundo o presidente, o entendimento entre os blocos amplia o acesso dos produtos brasileiros ao mercado internacional e refor\u00e7a o resultado de um longo processo de negocia\u00e7\u00e3o.<\/p>\n<p>\u201cEsse acordo foi feito a ferro, suor e sangue, porque tem muita coisa que querem evitar que o Brasil cres\u00e7a, dispute e coloque seus produtos no mercado estrangeiro\u201d, disse Lula.<\/p>\n<p><strong>O tratado j\u00e1 havia sido promulgado pelo Congresso Nacional em 17 de mar\u00e7o e tem previs\u00e3o de entrada em vigor provis\u00f3ria nesta sexta-feira (1\u00ba). Ele estabelece a redu\u00e7\u00e3o gradual de tarifas para 91% dos produtos importados pelo Mercosul e 95% dos produtos importados pela Uni\u00e3o Europeia, ao longo dos pr\u00f3ximos anos.<\/strong><\/p>\n<p>Na mesma ocasi\u00e3o, tamb\u00e9m foram apresentados procedimentos para a eventual aplica\u00e7\u00e3o de salvaguardas bilaterais em acordos comerciais dos quais o Brasil participe. O mecanismo permite a ado\u00e7\u00e3o tempor\u00e1ria de medidas de prote\u00e7\u00e3o a setores produtivos em caso de aumento expressivo das importa\u00e7\u00f5es.<\/p>\n<h2>Impacto positivo no agroneg\u00f3cio brasileiro<\/h2>\n<p><strong>Para o ministro da <a href=\"https:\/\/www.gov.br\/agricultura\/pt-br\" target=\"_blank\" rel=\"noopener\">Agricultura e Pecu\u00e1ria<\/a>, Andr\u00e9 de Paula, a assinatura representa um marco para o setor agropecu\u00e1rio. \u201cEsse ato coroa 26 anos de esfor\u00e7o de negocia\u00e7\u00e3o que v\u00e3o trazer in\u00fameras boas not\u00edcias, principalmente para o agro, esse setor gigante que agora tenho a honra de liderar\u201d, afirmou.<\/strong><\/p>\n<p>Segundo ele, encontros recentes com representantes do setor indicam ganhos potenciais em diferentes cadeias exportadoras, como citricultura, caf\u00e9, fruticultura e carne bovina.<\/p>\n<p><strong>VEJA MAIS:<\/strong><\/p>\n<ul>\n<li><a href=\"https:\/\/brasil61.com\/n\/ministerio-da-agricultura-discute-parceria-em-genetica-bovina-e-negocia-abertura-de-mercado-com-a-mauritania-mapa260061\" target=\"_blank\" rel=\"noopener\">Minist\u00e9rio da Agricultura discute parceria em gen\u00e9tica bovina e negocia abertura de mercado com a Maurit\u00e2nia<\/a><\/li>\n<li><a href=\"https:\/\/brasil61.com\/n\/em-celebracao-dos-53-anos-da-embrapa-lula-defende-sofisticacao-e-diversificacao-para-agro-conquistar-mais-mercados-mapa260060\" target=\"_blank\" rel=\"noopener\">Em celebra\u00e7\u00e3o dos 53 anos da Embrapa, Lula defende sofistica\u00e7\u00e3o e diversifica\u00e7\u00e3o para agro conquistar mais mercados<\/a><\/li>\n<\/ul>\n<p>No caso do suco de laranja, o ministro ressaltou que o Brasil j\u00e1 tem forte participa\u00e7\u00e3o no consumo global, e que o acordo pode ampliar ainda mais sua competitividade no mercado europeu. Ele tamb\u00e9m citou perspectivas positivas para o caf\u00e9 sol\u00favel e frutas exportadas ao continente.<\/p>\n<p>Na pecu\u00e1ria, a expectativa \u00e9 de redu\u00e7\u00e3o de tarifas para produtos brasileiros destinados \u00e0 Uni\u00e3o Europeia, o que pode facilitar o acesso da carne bovina ao mercado europeu.<\/p>\n<p>Para Andr\u00e9 de Paula, a promulga\u00e7\u00e3o do acordo n\u00e3o encerra o processo, mas inaugura uma nova etapa nas rela\u00e7\u00f5es comerciais entre os blocos. \u201cA assinatura deste decreto n\u00e3o \u00e9 o ponto final de uma negocia\u00e7\u00e3o. \u00c9 o ponto de partida de um novo cap\u00edtulo da nossa hist\u00f3ria\u201d, concluiu.<br \/>\n\u00a0<\/p>\n<p>\t\t\t\t\t\t\t\t\t\t<img loading=\"lazy\" decoding=\"async\" src=\"https:\/\/brasil61.com\/api\/v1\/serve_pixel\/20291\/89220\" alt=\"Pixel Brasil 61\" class=\"b61_pixel\" width=\"0\" height=\"0\"><\/p>\n<div class=\"br61_backlink\">\n<p>\n\t\t\t\tFonte: <a href=\"https:\/\/brasil61.com\/promulgacao-do-acordo-mercosul-uniao-europeia-cria-novas-perspectivas-para-o-agronegocio-diz-ministro-andre-de-paula-mapa260063\" title=\"Artigo Original: Promulga\u00e7\u00e3o do acordo Mercosul-Uni\u00e3o Europeia cria novas perspectivas para o agroneg\u00f3cio, diz ministro Andr\u00e9 de Paula\" target=\"_blank\" rel=\"noopener\">Brasil 61<\/a>\n\t\t\t<\/p>\n<\/p><\/div>\n<input type=\"hidden\" id=\"baseurl\" value=\"https:\/\/radiomanchetefm.com.br\/wp\"><input type=\"hidden\" id=\"audio_nonce\" value=\"c8b7b433c3\"> ","protected":false},"excerpt":{"rendered":"<p>Decreto assinado pelo presidente Lula viabiliza in\u00edcio da aplica\u00e7\u00e3o provis\u00f3ria a partir desta sexta-feira (1\u00b0)<\/p>\n","protected":false},"author":2,"featured_media":12077,"comment_status":"open","ping_status":"open","sticky":false,"template":"","format":"standard","meta":{"_monsterinsights_skip_tracking":false,"_monsterinsights_sitenote_active":false,"_monsterinsights_sitenote_note":"","_monsterinsights_sitenote_category":0,"footnotes":""},"categories":[18],"tags":[],"_links":{"self":[{"href":"https:\/\/radiomanchetefm.com.br\/wp\/wp-json\/wp\/v2\/posts\/12076"}],"collection":[{"href":"https:\/\/radiomanchetefm.com.br\/wp\/wp-json\/wp\/v2\/posts"}],"about":[{"href":"https:\/\/radiomanchetefm.com.br\/wp\/wp-json\/wp\/v2\/types\/post"}],"author":[{"embeddable":true,"href":"https:\/\/radiomanchetefm.com.br\/wp\/wp-json\/wp\/v2\/users\/2"}],"replies":[{"embeddable":true,"href":"https:\/\/radiomanchetefm.com.br\/wp\/wp-json\/wp\/v2\/comments?post=12076"}],"version-history":[{"count":0,"href":"https:\/\/radiomanchetefm.com.br\/wp\/wp-json\/wp\/v2\/posts\/12076\/revisions"}],"wp:featuredmedia":[{"embeddable":true,"href":"https:\/\/radiomanchetefm.com.br\/wp\/wp-json\/wp\/v2\/media\/12077"}],"wp:attachment":[{"href":"https:\/\/radiomanchetefm.com.br\/wp\/wp-json\/wp\/v2\/media?parent=12076"}],"wp:term":[{"taxonomy":"category","embeddable":true,"href":"https:\/\/radiomanchetefm.com.br\/wp\/wp-json\/wp\/v2\/categories?post=12076"},{"taxonomy":"post_tag","embeddable":true,"href":"https:\/\/radiomanchetefm.com.br\/wp\/wp-json\/wp\/v2\/tags?post=12076"}],"curies":[{"name":"wp","href":"https:\/\/api.w.org\/{rel}","templated":true}]}}