{"id":12046,"date":"2026-04-29T12:15:00","date_gmt":"2026-04-29T12:15:00","guid":{"rendered":"https:\/\/radiomanchetefm.com.br\/wp\/2026\/04\/29\/brasil-criativo-ganha-portal-e-abre-novo-capitulo-para-a-economia-criativa-no-pais\/"},"modified":"2026-04-29T12:15:00","modified_gmt":"2026-04-29T12:15:00","slug":"brasil-criativo-ganha-portal-e-abre-novo-capitulo-para-a-economia-criativa-no-pais","status":"publish","type":"post","link":"https:\/\/radiomanchetefm.com.br\/wp\/2026\/04\/29\/brasil-criativo-ganha-portal-e-abre-novo-capitulo-para-a-economia-criativa-no-pais\/","title":{"rendered":"Brasil Criativo ganha portal e abre novo cap\u00edtulo para a economia criativa no pa\u00eds"},"content":{"rendered":"<p>\t\t\t\t\t\t\t\t\t\t\t<audio controls class=\"b61_audio_player\" data-noticia=\"89191\" src=\"https:\/\/brasil61.com\/rails\/active_storage\/blobs\/eyJfcmFpbHMiOnsibWVzc2FnZSI6IkJBaHBBN1ViQkE9PSIsImV4cCI6bnVsbCwicHVyIjoiYmxvYl9pZCJ9fQ==--c34edb8e6a0a9e51404a628be3e9a8b23a74eee7\/CULT260323A\"><\/audio><\/p>\n<p>Na semana em que se celebra o <strong>Dia Mundial da Criatividade<\/strong>, o <strong>Minist\u00e9rio da Cultura<\/strong> lan\u00e7a o <a href=\"https:\/\/www.gov.br\/cultura\/pt-br\/assuntos\/brasil-criativo\" target=\"_blank\" rel=\"noopener\"><strong>Portal Brasil Criativo<\/strong><\/a>, uma nova plataforma digital, dentro do site do <strong>MinC<\/strong>, que marca um passo estrat\u00e9gico na consolida\u00e7\u00e3o da economia criativa como vetor de desenvolvimento no pa\u00eds. Pensado pela <strong>Secretaria de Economia Criativa<\/strong>, a plataforma nasce como um espa\u00e7o de conex\u00e3o, informa\u00e7\u00e3o e articula\u00e7\u00e3o para trabalhadores, empreendedores, gestores p\u00fablicos e todos os interessados na cultura e na criatividade brasileiras.<\/p>\n<p>A iniciativa re\u00fane, em um \u00fanico ambiente, conte\u00fados, diretrizes e oportunidades voltadas ao fortalecimento do setor, al\u00e9m de ampliar o di\u00e1logo com a sociedade. \u201cO Portal Brasil Criativo \u00e9 mais do que uma plataforma digital. \u00c9 um espa\u00e7o de encontro, escuta e constru\u00e7\u00e3o coletiva. Queremos aproximar a pol\u00edtica p\u00fablica das pessoas, garantindo que trabalhadores e trabalhadoras da cultura tenham acesso \u00e0 informa\u00e7\u00e3o, \u00e0s oportunidades e possam participar ativamente desse processo\u201d, afirma a secret\u00e1ria Cl\u00e1udia Leit\u00e3o.<\/p>\n<p>Com navega\u00e7\u00e3o intuitiva e organizada por eixos estruturantes, o portal apresenta os principais pilares da <strong>Pol\u00edtica Nacional de Economia Criativa \u2013 Brasil Criativo<\/strong>: financiamento e fomento; mercados e empreendedorismo; territ\u00f3rios; forma\u00e7\u00e3o; e estudos e pesquisas. Esses pilares orientam as a\u00e7\u00f5es da Secretaria e refletem o esfor\u00e7o institucional realizado ao longo do \u00faltimo ano para atender a uma demanda hist\u00f3rica do setor, consolidada durante a \u00faltima Confer\u00eancia Nacional de Cultura.<\/p>\n<p>Nesse sentido, tamb\u00e9m funciona como um espelho vivo da constru\u00e7\u00e3o dessa pol\u00edtica p\u00fablica. Nele, os usu\u00e1rios podem acompanhar os princ\u00edpios, diretrizes, objetivos e at\u00e9 um gloss\u00e1rio comum sobre economia criativa, alinhado a refer\u00eancias internacionais como a Unesco, contribuindo para a unifica\u00e7\u00e3o de conceitos e o fortalecimento de uma linguagem compartilhada no campo.<\/p>\n<p>Entre os destaques da plataforma est\u00e1 o acompanhamento do F\u00f3rum Brasil Criativo, iniciativa que percorre as cinco regi\u00f5es do pa\u00eds promovendo escuta ativa e constru\u00e7\u00e3o participativa da pol\u00edtica. O portal re\u00fane conte\u00fados como palestras de abertura e as cartas finais elaboradas em cada regi\u00e3o, consolidando esse processo colaborativo.<\/p>\n<p>No eixo de Mercados e Empreendedorismo, o portal apresenta a\u00e7\u00f5es voltadas \u00e0 articula\u00e7\u00e3o entre empreendedores e investidores, incentivando a circula\u00e7\u00e3o e comercializa\u00e7\u00e3o de bens e servi\u00e7os culturais e criativos. A proposta \u00e9 ampliar oportunidades de neg\u00f3cios, fortalecer redes produtivas, impulsionar a profissionaliza\u00e7\u00e3o e promover a inser\u00e7\u00e3o da produ\u00e7\u00e3o brasileira em mercados nacionais e internacionais, sempre com base na diversidade cultural e na sustentabilidade.<\/p>\n<p>J\u00e1 no bot\u00e3o <strong>Territ\u00f3rios Criativos<\/strong>, o foco est\u00e1 nas estrat\u00e9gias de desenvolvimento local e regional a partir das identidades culturais. O portal evidencia como a criatividade, aliada \u00e0 participa\u00e7\u00e3o social, pode gerar trabalho decente, renda e impacto social positivo. Iniciativas como o programa Rouanet Territ\u00f3rios ganham destaque, refor\u00e7ando o papel dos territ\u00f3rios como base viva da economia criativa.<\/p>\n<p>O eixo de Fomento e Financiamento reunir\u00e1 informa\u00e7\u00f5es sobre mecanismos de investimento, editais e incentivos, com o objetivo de expandir e dversificar as fontes de apoio \u00e0 cultura e aos empreendimentos criativos. A Secretaria atua para ampliar o acesso a esses recursos e fortalecer o ecossistema econ\u00f4mico do setor.<\/p>\n<p>Na \u00e1rea de Forma\u00e7\u00e3o, o portal destaca a atua\u00e7\u00e3o da <strong>Escola Solano Trindade de Cultura e Economia Criativa (Escult)<\/strong>, que, ao longo de seus dois anos de exist\u00eancia, vem promovendo a qualifica\u00e7\u00e3o e a profissionaliza\u00e7\u00e3o de trabalhadores e trabalhadoras da cultura em todo o pa\u00eds. A iniciativa contribui diretamente para o desenvolvimento social e econ\u00f4mico, ampliando o acesso ao conhecimento e \u00e0 cidadania cultural.<\/p>\n<p>Outro destaque \u00e9 o <strong>Observat\u00f3rio Celso Furtado de Economia Criativa<\/strong>, espa\u00e7o dedicado \u00e0 produ\u00e7\u00e3o, an\u00e1lise e dissemina\u00e7\u00e3o de dados, pesquisas e metodologias. O observat\u00f3rio refor\u00e7a a import\u00e2ncia da informa\u00e7\u00e3o qualificada para orientar pol\u00edticas p\u00fablicas mais eficazes, garantindo que as a\u00e7\u00f5es desenvolvidas tenham impacto real no setor.<\/p>\n<p>Para Cl\u00e1udia Leit\u00e3o, o lan\u00e7amento do portal representa um avan\u00e7o na forma como o Estado se relaciona com a sociedade: \u201cEstamos construindo um ambiente aberto, transparente e din\u00e2mico, onde qualquer pessoa interessada pode acompanhar, compreender e contribuir com a Pol\u00edtica Nacional de Economia Criativa. Esse di\u00e1logo permanente \u00e9 fundamental para que possamos desenvolver a\u00e7\u00f5es mais efetivas e conectadas com a realidade dos territ\u00f3rios brasileiros\u201d.<\/p>\n<p>Embora ainda esteja em processo cont\u00ednuo de constru\u00e7\u00e3o, o <a href=\"https:\/\/www.gov.br\/cultura\/pt-br\/assuntos\/brasil-criativo\" target=\"_blank\" rel=\"noopener\"><strong>Portal Brasil<\/strong><\/a> Criativo j\u00e1 disponibiliza uma ampla gama de conte\u00fados e ferramentas, incluindo canais de comunica\u00e7\u00e3o com a Rede Brasil Criativo. A expectativa \u00e9 que a plataforma siga em expans\u00e3o, incorporando novos materiais, funcionalidades e oportunidades, consolidando-se como refer\u00eancia nacional no campo da cultura e da economia criativa.<\/p>\n<p>\t\t\t\t\t\t\t\t\t\t<img loading=\"lazy\" decoding=\"async\" src=\"https:\/\/brasil61.com\/api\/v1\/serve_pixel\/20291\/89191\" alt=\"Pixel Brasil 61\" class=\"b61_pixel\" width=\"0\" height=\"0\"><\/p>\n<div class=\"br61_backlink\">\n<p>\n\t\t\t\tFonte: <a href=\"https:\/\/brasil61.com\/brasil-criativo-ganha-portal-e-abre-novo-capitulo-para-a-economia-criativa-no-pais-cult260323\" title=\"Artigo Original: Brasil Criativo ganha portal e abre novo cap\u00edtulo para a economia criativa no pa\u00eds\" target=\"_blank\" rel=\"noopener\">Brasil 61<\/a>\n\t\t\t<\/p>\n<\/p><\/div>\n<input type=\"hidden\" id=\"baseurl\" value=\"https:\/\/radiomanchetefm.com.br\/wp\"><input type=\"hidden\" id=\"audio_nonce\" value=\"68a2c6d2e6\"> ","protected":false},"excerpt":{"rendered":"<p>Plataforma conecta pol\u00edticas, territ\u00f3rios e oportunidades e aproxima criadores das a\u00e7\u00f5es do Minist\u00e9rio da Cultura<\/p>\n","protected":false},"author":2,"featured_media":12047,"comment_status":"open","ping_status":"open","sticky":false,"template":"","format":"standard","meta":{"_monsterinsights_skip_tracking":false,"_monsterinsights_sitenote_active":false,"_monsterinsights_sitenote_note":"","_monsterinsights_sitenote_category":0,"footnotes":""},"categories":[3],"tags":[],"_links":{"self":[{"href":"https:\/\/radiomanchetefm.com.br\/wp\/wp-json\/wp\/v2\/posts\/12046"}],"collection":[{"href":"https:\/\/radiomanchetefm.com.br\/wp\/wp-json\/wp\/v2\/posts"}],"about":[{"href":"https:\/\/radiomanchetefm.com.br\/wp\/wp-json\/wp\/v2\/types\/post"}],"author":[{"embeddable":true,"href":"https:\/\/radiomanchetefm.com.br\/wp\/wp-json\/wp\/v2\/users\/2"}],"replies":[{"embeddable":true,"href":"https:\/\/radiomanchetefm.com.br\/wp\/wp-json\/wp\/v2\/comments?post=12046"}],"version-history":[{"count":0,"href":"https:\/\/radiomanchetefm.com.br\/wp\/wp-json\/wp\/v2\/posts\/12046\/revisions"}],"wp:featuredmedia":[{"embeddable":true,"href":"https:\/\/radiomanchetefm.com.br\/wp\/wp-json\/wp\/v2\/media\/12047"}],"wp:attachment":[{"href":"https:\/\/radiomanchetefm.com.br\/wp\/wp-json\/wp\/v2\/media?parent=12046"}],"wp:term":[{"taxonomy":"category","embeddable":true,"href":"https:\/\/radiomanchetefm.com.br\/wp\/wp-json\/wp\/v2\/categories?post=12046"},{"taxonomy":"post_tag","embeddable":true,"href":"https:\/\/radiomanchetefm.com.br\/wp\/wp-json\/wp\/v2\/tags?post=12046"}],"curies":[{"name":"wp","href":"https:\/\/api.w.org\/{rel}","templated":true}]}}