{"id":12016,"date":"2026-04-28T04:55:00","date_gmt":"2026-04-28T04:55:00","guid":{"rendered":"https:\/\/radiomanchetefm.com.br\/wp\/2026\/04\/28\/pe-de-meia-pagamento-para-nascidos-em-marco-e-abril-sera-feito-nesta-terca-feira-28\/"},"modified":"2026-04-28T04:55:00","modified_gmt":"2026-04-28T04:55:00","slug":"pe-de-meia-pagamento-para-nascidos-em-marco-e-abril-sera-feito-nesta-terca-feira-28","status":"publish","type":"post","link":"https:\/\/radiomanchetefm.com.br\/wp\/2026\/04\/28\/pe-de-meia-pagamento-para-nascidos-em-marco-e-abril-sera-feito-nesta-terca-feira-28\/","title":{"rendered":"P\u00e9-de-Meia: pagamento para nascidos em mar\u00e7o e abril ser\u00e1 feito nesta ter\u00e7a-feira (28)"},"content":{"rendered":"<p>\t\t\t\t\t\t\t\t\t\t\t<audio controls class=\"b61_audio_player\" data-noticia=\"89133\" src=\"https:\/\/brasil61.com\/rails\/active_storage\/blobs\/eyJfcmFpbHMiOnsibWVzc2FnZSI6IkJBaHBBNkVaQkE9PSIsImV4cCI6bnVsbCwicHVyIjoiYmxvYl9pZCJ9fQ==--315bbb4b299e244c6dffef499a0dca38936be08e\/PCXA260738A\"><\/audio><\/p>\n<p><strong>A CAIXA paga, nesta ter\u00e7a-feira, 28 de abril, nova parcela do Programa P\u00e9-de-Meia para os estudantes do Ensino M\u00e9dio regular e Ensino M\u00e9dio da Educa\u00e7\u00e3o de Jovens e Adultos, a EJA, nascidos nos meses de mar\u00e7o e abril.<\/strong><\/p>\n<p>O incentivo ser\u00e1 creditado na conta Poupan\u00e7a CAIXA Tem e os valores podem ser movimentados pelo App CAIXA Tem.\u00a0<\/p>\n<p>O estudante pode pagar contas, fazer transfer\u00eancias e PIX, direto no aplicativo.<\/p>\n<p>Al\u00e9m disso, pode movimentar os valores com o cart\u00e3o do programa, fazendo compras e pagamentos.<\/p>\n<p><strong>O Programa P\u00e9-de-Meia apoia a perman\u00eancia e a conclus\u00e3o escolar dos estudantes matriculados no Ensino M\u00e9dio e na Educa\u00e7\u00e3o de Jovens e Adultos da rede p\u00fablica.<\/strong><\/p>\n<p>Para consultar as demais datas de pagamento do programa P\u00e9-de-Meia, acesse o site da CAIXA em <a href=\"https:\/\/www.caixa.gov.br\/Paginas\/home-caixa.aspx\" target=\"_blank\" rel=\"noopener\">www.caixa.gov.br<\/a>.<\/p>\n<h2>O que \u00e9 o P\u00e9-de-Meia<\/h2>\n<p>O <strong>P\u00e9-de-Meia<\/strong> \u00e9 um programa de incentivo financeiro-educacional do Governo Federal para estudantes do <strong>ensino m\u00e9dio p\u00fablico<\/strong> inscritos no <strong>Cad\u00danico<\/strong>. Ele funciona como uma <strong>poupan\u00e7a<\/strong> para <strong>manter a frequ\u00eancia<\/strong> e <strong>estimular a conclus\u00e3o<\/strong> do ensino m\u00e9dio, reduzindo desigualdades e promovendo inclus\u00e3o e mobilidade social.<\/p>\n<h2>Quem tem direito ao pagamento<\/h2>\n<ul>\n<li>Estudantes <strong>matriculados no ensino m\u00e9dio p\u00fablico<\/strong> e <strong>benefici\u00e1rios do Cad\u00danico<\/strong>.<\/li>\n<li>Vale para <strong>ensino regular<\/strong> e para <strong>EJA (Educa\u00e7\u00e3o de Jovens e Adultos)<\/strong>, com regras de pagamento espec\u00edficas.<\/li>\n<\/ul>\n<h2>Como funciona o pagamento do P\u00e9-de-Meia<\/h2>\n<ul>\n<li>O MEC usa dados enviados pelas <strong>redes de ensino<\/strong> (federal, estadual, distrital ou municipal) para <strong>identificar quem cumpre os requisitos<\/strong> de matr\u00edcula e frequ\u00eancia.<\/li>\n<li>Com as informa\u00e7\u00f5es validadas, o MEC <strong>autoriza as folhas de pagamento<\/strong> e envia \u00e0 <strong>Caixa Econ\u00f4mica Federal<\/strong>, que <strong>abre as contas<\/strong> e <strong>realiza os pagamentos<\/strong>.<\/li>\n<\/ul>\n<h2>Valores do pagamento (ensino regular)<\/h2>\n<ul>\n<li><strong>R$ 200\/m\u00eas<\/strong> de <strong>incentivo pela frequ\u00eancia<\/strong> (saque <strong>a qualquer momento<\/strong>).<\/li>\n<li><strong>R$ 1.000 ao final de cada ano conclu\u00eddo<\/strong> (fica <strong>bloqueado<\/strong> e s\u00f3 pode ser sacado <strong>ap\u00f3s a formatura<\/strong> no ensino m\u00e9dio).<\/li>\n<li><strong>B\u00f4nus de R$ 200<\/strong> pela <strong>participa\u00e7\u00e3o no ENEM<\/strong>.<\/li>\n<li><strong>Total potencial<\/strong> ao longo do curso: <strong>at\u00e9 R$ 9.200 por aluno<\/strong>, somando parcelas mensais, dep\u00f3sitos anuais e o adicional do ENEM.<\/li>\n<\/ul>\n<h2>Valores do pagamento (EJA)<\/h2>\n<ul>\n<li><strong>R$ 200<\/strong> por <strong>comprova\u00e7\u00e3o de matr\u00edcula<\/strong> (saque <strong>imediato<\/strong>).<\/li>\n<li><strong>R$ 225<\/strong> por <strong>frequ\u00eancia<\/strong> (saque <strong>imediato<\/strong>).<\/li>\n<li>Mant\u00eam-se os <strong>dep\u00f3sitos anuais de R$ 1.000<\/strong> ao concluir cada etapa do ensino m\u00e9dio, com <strong>saque ap\u00f3s a formatura<\/strong>.<\/li>\n<\/ul>\n<h2>Calend\u00e1rio e processamento do pagamento<\/h2>\n<ul>\n<li>As <strong>folhas de pagamento<\/strong> s\u00e3o geradas pelo <strong>MEC<\/strong> com base na <strong>matr\u00edcula e frequ\u00eancia<\/strong> informadas pelas redes de ensino.<\/li>\n<li>A <strong>Caixa<\/strong> processa e <strong>efetiva o pagamento<\/strong> nas contas abertas para os benefici\u00e1rios.<\/li>\n<li>O estudante <strong>acompanha no app \u201cJornada do Estudante\u201d<\/strong> quando o pagamento for liberado.<\/li>\n<\/ul>\n<h2>Como consultar e sacar o pagamento do P\u00e9-de-Meia<\/h2>\n<ul>\n<li><strong>Consulta:<\/strong> pelo aplicativo <strong>Jornada do Estudante<\/strong> (informa\u00e7\u00f5es de elegibilidade, parcelas e status).<\/li>\n<li><strong>Saque:<\/strong> valores <strong>mensais<\/strong> (R$ 200 no regular; R$ 200 + R$ 225 no EJA) podem ser <strong>sacados a qualquer momento<\/strong>.<\/li>\n<li><strong>Dep\u00f3sitos anuais (R$ 1.000)<\/strong> ficam <strong>retidos<\/strong> e s\u00f3 podem ser <strong>sacados ap\u00f3s a conclus\u00e3o<\/strong> do ensino m\u00e9dio.<\/li>\n<\/ul>\n<h2>Perguntas r\u00e1pidas sobre o pagamento P\u00e9-de-Meia<\/h2>\n<ul>\n<li><strong>Preciso comprovar frequ\u00eancia?<\/strong> Sim. A libera\u00e7\u00e3o do pagamento depende da <strong>matr\u00edcula e da frequ\u00eancia<\/strong> informadas pela rede de ensino.<\/li>\n<li><strong>Posso sacar tudo?<\/strong> N\u00e3o. As <strong>parcelas mensais<\/strong> podem ser sacadas; os <strong>R$ 1.000 anuais<\/strong> ficam <strong>dispon\u00edveis apenas ap\u00f3s a formatura<\/strong>.<\/li>\n<li><strong>O ENEM \u00e9 obrigat\u00f3rio para receber o b\u00f4nus?<\/strong> Para o <strong>adicional de R$ 200<\/strong>, \u00e9 necess\u00e1rio <strong>participar do ENEM<\/strong>.<\/li>\n<li><strong>Onde vejo se caiu o pagamento?<\/strong> No <strong>app Jornada do Estudante<\/strong>.<\/li>\n<li><strong>Quem resolve erros no pagamento?<\/strong> A rede de ensino precisa <strong>corrigir dados de matr\u00edcula\/frequ\u00eancia<\/strong>; a <strong>Caixa<\/strong> executa o <strong>pagamento<\/strong> ap\u00f3s o envio correto das folhas pelo <strong>MEC<\/strong>.<\/li>\n<\/ul>\n<p>\t\t\t\t\t\t\t\t\t\t<img loading=\"lazy\" decoding=\"async\" src=\"https:\/\/brasil61.com\/api\/v1\/serve_pixel\/20291\/89133\" alt=\"Pixel Brasil 61\" class=\"b61_pixel\" width=\"0\" height=\"0\"><\/p>\n<div class=\"br61_backlink\">\n<p>\n\t\t\t\tFonte: <a href=\"https:\/\/brasil61.com\/pe-de-meia-pagamento-para-nascidos-em-marco-e-abril-sera-feito-nesta-terca-feira-28-pcxa260738\" title=\"Artigo Original: P\u00e9-de-Meia: pagamento para nascidos em mar\u00e7o e abril ser\u00e1 feito nesta ter\u00e7a-feira (28)\" target=\"_blank\" rel=\"noopener\">Brasil 61<\/a>\n\t\t\t<\/p>\n<\/p><\/div>\n<input type=\"hidden\" id=\"baseurl\" value=\"https:\/\/radiomanchetefm.com.br\/wp\"><input type=\"hidden\" id=\"audio_nonce\" value=\"c1649fe8c1\"> ","protected":false},"excerpt":{"rendered":"<p>O incentivo ser\u00e1 creditado na conta Poupan\u00e7a CAIXA Tem e os valores podem ser movimentados pelo App CAIXA Tem<\/p>\n","protected":false},"author":2,"featured_media":12017,"comment_status":"open","ping_status":"open","sticky":false,"template":"","format":"standard","meta":{"_monsterinsights_skip_tracking":false,"_monsterinsights_sitenote_active":false,"_monsterinsights_sitenote_note":"","_monsterinsights_sitenote_category":0,"footnotes":""},"categories":[18],"tags":[],"_links":{"self":[{"href":"https:\/\/radiomanchetefm.com.br\/wp\/wp-json\/wp\/v2\/posts\/12016"}],"collection":[{"href":"https:\/\/radiomanchetefm.com.br\/wp\/wp-json\/wp\/v2\/posts"}],"about":[{"href":"https:\/\/radiomanchetefm.com.br\/wp\/wp-json\/wp\/v2\/types\/post"}],"author":[{"embeddable":true,"href":"https:\/\/radiomanchetefm.com.br\/wp\/wp-json\/wp\/v2\/users\/2"}],"replies":[{"embeddable":true,"href":"https:\/\/radiomanchetefm.com.br\/wp\/wp-json\/wp\/v2\/comments?post=12016"}],"version-history":[{"count":0,"href":"https:\/\/radiomanchetefm.com.br\/wp\/wp-json\/wp\/v2\/posts\/12016\/revisions"}],"wp:featuredmedia":[{"embeddable":true,"href":"https:\/\/radiomanchetefm.com.br\/wp\/wp-json\/wp\/v2\/media\/12017"}],"wp:attachment":[{"href":"https:\/\/radiomanchetefm.com.br\/wp\/wp-json\/wp\/v2\/media?parent=12016"}],"wp:term":[{"taxonomy":"category","embeddable":true,"href":"https:\/\/radiomanchetefm.com.br\/wp\/wp-json\/wp\/v2\/categories?post=12016"},{"taxonomy":"post_tag","embeddable":true,"href":"https:\/\/radiomanchetefm.com.br\/wp\/wp-json\/wp\/v2\/tags?post=12016"}],"curies":[{"name":"wp","href":"https:\/\/api.w.org\/{rel}","templated":true}]}}