{"id":1017,"date":"2024-07-02T00:11:00","date_gmt":"2024-07-02T00:11:00","guid":{"rendered":"https:\/\/radiomanchetefm.com.br\/wp\/2024\/07\/02\/precos-do-cafe-arabica-e-robusta-cairam-2\/"},"modified":"2024-07-02T00:11:00","modified_gmt":"2024-07-02T00:11:00","slug":"precos-do-cafe-arabica-e-robusta-cairam-2","status":"publish","type":"post","link":"https:\/\/radiomanchetefm.com.br\/wp\/2024\/07\/02\/precos-do-cafe-arabica-e-robusta-cairam-2\/","title":{"rendered":"Pre\u00e7os do caf\u00e9 ar\u00e1bica e robusta ca\u00edram"},"content":{"rendered":"<p>\t\t\t\t\t\t\t\t\t\t<audio controls class=\"b61_audio_player\" data-noticia=\"72722\" src=\"https:\/\/brasil61.com\/rails\/active_storage\/blobs\/eyJfcmFpbHMiOnsibWVzc2FnZSI6IkJBaHBBMW5aQWc9PSIsImV4cCI6bnVsbCwicHVyIjoiYmxvYl9pZCJ9fQ==--8df75a0306510da9ad4d222a3e2d474e62d3df2b\/PAGR244884A\"><\/audio><\/p>\n<p>Os pre\u00e7os das sacas de 60 quilos dos caf\u00e9s ar\u00e1bica e robusta ca\u00edram no \u00faltimo fechamento e s\u00e3o negociadas a R$ 1.361,90, na cidade de S\u00e3o Paulo, e a R$ 1.218,40, nas imedia\u00e7\u00f5es da regi\u00e3o produtora de Colatina e S\u00e3o Gabriel da Palha, no estado do Esp\u00edrito Santo.\u00a0<\/p>\n<p>As sacas de 50 quilos do a\u00e7\u00facar cristal tamb\u00e9m ca\u00edram de pre\u00e7os e s\u00e3o negociadas a R$ 132,35 em S\u00e3o Paulo e R$ 134,85 em Santos. J\u00e1 os pre\u00e7os de 60 quilos do milho subiram levemente, a R$ 57,30, na refer\u00eancia de Campinas (SP).<\/p>\n<p>Os valores s\u00e3o do <a href=\"https:\/\/www.cepea.esalq.usp.br\/br\">Cepea<\/a>.<br \/>\n\u00a0<\/p>\n<p>\t\t\t\t\t\t\t\t\t<img loading=\"lazy\" decoding=\"async\" src=\"https:\/\/brasil61.com\/api\/v1\/serve_pixel\/20291\/72722\" alt=\"Pixel Brasil 61\" class=\"b61_pixel\" width=\"0\" height=\"0\"><\/p>\n<div class=\"br61_backlink\">\n<p>\n\t\t\t\tFonte: <a href=\"https:\/\/brasil61.com\/precos-do-cafe-arabica-e-robusta-cairam-pagr244884\" title=\"Artigo Original: Pre\u00e7os do caf\u00e9 ar\u00e1bica e robusta ca\u00edram\" target=\"_blank\" rel=\"noopener\">Brasil 61<\/a>\n\t\t\t<\/p>\n<\/p><\/div>\n<input type=\"hidden\" id=\"baseurl\" value=\"https:\/\/radiomanchetefm.com.br\/wp\"><input type=\"hidden\" id=\"audio_nonce\" value=\"357f43bced\"> ","protected":false},"excerpt":{"rendered":"<p>Saca de 60 quilos do caf\u00e9 ar\u00e1bica \u00e9 negociada a R$ 1.361,90<\/p>\n","protected":false},"author":2,"featured_media":1018,"comment_status":"open","ping_status":"open","sticky":false,"template":"","format":"standard","meta":{"_monsterinsights_skip_tracking":false,"_monsterinsights_sitenote_active":false,"_monsterinsights_sitenote_note":"","_monsterinsights_sitenote_category":0,"footnotes":""},"categories":[17],"tags":[],"_links":{"self":[{"href":"https:\/\/radiomanchetefm.com.br\/wp\/wp-json\/wp\/v2\/posts\/1017"}],"collection":[{"href":"https:\/\/radiomanchetefm.com.br\/wp\/wp-json\/wp\/v2\/posts"}],"about":[{"href":"https:\/\/radiomanchetefm.com.br\/wp\/wp-json\/wp\/v2\/types\/post"}],"author":[{"embeddable":true,"href":"https:\/\/radiomanchetefm.com.br\/wp\/wp-json\/wp\/v2\/users\/2"}],"replies":[{"embeddable":true,"href":"https:\/\/radiomanchetefm.com.br\/wp\/wp-json\/wp\/v2\/comments?post=1017"}],"version-history":[{"count":0,"href":"https:\/\/radiomanchetefm.com.br\/wp\/wp-json\/wp\/v2\/posts\/1017\/revisions"}],"wp:featuredmedia":[{"embeddable":true,"href":"https:\/\/radiomanchetefm.com.br\/wp\/wp-json\/wp\/v2\/media\/1018"}],"wp:attachment":[{"href":"https:\/\/radiomanchetefm.com.br\/wp\/wp-json\/wp\/v2\/media?parent=1017"}],"wp:term":[{"taxonomy":"category","embeddable":true,"href":"https:\/\/radiomanchetefm.com.br\/wp\/wp-json\/wp\/v2\/categories?post=1017"},{"taxonomy":"post_tag","embeddable":true,"href":"https:\/\/radiomanchetefm.com.br\/wp\/wp-json\/wp\/v2\/tags?post=1017"}],"curies":[{"name":"wp","href":"https:\/\/api.w.org\/{rel}","templated":true}]}}