{"id":10064,"date":"2026-01-31T04:50:00","date_gmt":"2026-01-31T04:50:00","guid":{"rendered":"https:\/\/radiomanchetefm.com.br\/wp\/2026\/01\/31\/terminal-da-praca-a-e-reinaugurado-em-goiania-go-e-amplia-operacao-de-coletivos-21-onibus-eletricos-tambem-sao-entregues\/"},"modified":"2026-02-03T02:29:34","modified_gmt":"2026-02-03T02:29:34","slug":"terminal-da-praca-a-e-reinaugurado-em-goiania-go-e-amplia-operacao-de-coletivos-21-onibus-eletricos-tambem-sao-entregues","status":"publish","type":"post","link":"https:\/\/radiomanchetefm.com.br\/wp\/2026\/01\/31\/terminal-da-praca-a-e-reinaugurado-em-goiania-go-e-amplia-operacao-de-coletivos-21-onibus-eletricos-tambem-sao-entregues\/","title":{"rendered":"Terminal da Pra\u00e7a A \u00e9 reinaugurado em Goi\u00e2nia (GO) e amplia opera\u00e7\u00e3o de coletivos; 21 \u00f4nibus el\u00e9tricos tamb\u00e9m s\u00e3o entregues"},"content":{"rendered":"<p>\t\t\t\t\t\t\t\t\t\t<audio controls class=\"b61_audio_player\" data-noticia=\"87466\" src=\"https:\/\/brasil61.com\/rails\/active_storage\/blobs\/eyJfcmFpbHMiOnsibWVzc2FnZSI6IkJBaHBBOTN0QXc9PSIsImV4cCI6bnVsbCwicHVyIjoiYmxvYl9pZCJ9fQ==--958f637a21e34966710349260240c532c19868d0\/GVGO260002A\"><\/audio><\/p>\n<p><strong>A reforma do Terminal Pra\u00e7a A, em Goi\u00e2nia (GO), foi entregue nesta sexta-feira (30). Com o novo empreendimento, a popula\u00e7\u00e3o da capital goiana passou a contar tamb\u00e9m com 21 \u00f4nibus el\u00e9tricos, que agora integram o sistema de transporte coletivo da Regi\u00e3o Metropolitana.<\/strong><\/p>\n<p>A frota \u00e9 composta por 16 ve\u00edculos articulados, com 21 metros de comprimento e capacidade para at\u00e9 180 passageiros, e cinco \u00f4nibus biarticulados, de 28 metros, com capacidade para 250 pessoas. Os ve\u00edculos ser\u00e3o destinados ao BRT Leste-Oeste Anhanguera.<\/p>\n<p><strong>Com a incorpora\u00e7\u00e3o dos novos \u00f4nibus, a Regi\u00e3o Metropolitana de Goi\u00e2nia torna-se a primeira do mundo a operar, em linhas regulares de transporte p\u00fablico urbano, ve\u00edculos el\u00e9tricos com essa capacidade de passageiros. Na mesma ocasi\u00e3o, foi inaugurada uma esta\u00e7\u00e3o de recarga, considerada a maior do pa\u00eds.<\/strong><\/p>\n<p>A entrega do terminal reformado, dos \u00f4nibus el\u00e9tricos e da esta\u00e7\u00e3o de recarga representa mais um avan\u00e7o no processo de moderniza\u00e7\u00e3o do transporte coletivo da Grande Goi\u00e2nia. As a\u00e7\u00f5es integram o Projeto Nova RMTC, que prev\u00ea investimentos de R$2 bilh\u00f5es para melhorar a qualidade do servi\u00e7o prestado a cerca de 530 mil usu\u00e1rios di\u00e1rios, em 19 munic\u00edpios.<\/p>\n<p><strong>Segundo o governador de Goi\u00e1s, Ronaldo Caiado, os avan\u00e7os n\u00e3o geram custo adicional para os usu\u00e1rios, uma vez que a tarifa do transporte coletivo permanece em R$4,30, sem reajuste desde 2019.<\/strong><\/p>\n<p>\u201c\u00c9 uma parceria que deu certo entre o Estado, as prefeituras e o empresariado. Esse foi o trip\u00e9 que tornou nossa frota a mais verde do pa\u00eds. Temos a menor produ\u00e7\u00e3o de CO\u2082 no transporte p\u00fablico do Brasil e somos comparados a pa\u00edses altamente desenvolvidos em tecnologia, como China e Noruega\u201d, afirmou.<\/p>\n<h2>Inaugura\u00e7\u00f5es e infraestrutura<\/h2>\n<p><strong>As inaugura\u00e7\u00f5es ocorreram em etapas. Inicialmente, houve um ato na garagem da Metrobus, onde foram entregues os \u00f4nibus el\u00e9tricos e a esta\u00e7\u00e3o de recarga. O eletroposto conta com 23 carregadores de 240 kW, capacidade para atender 46 \u00f4nibus simultaneamente e pot\u00eancia total de 6 MVA.<\/strong><\/p>\n<p>Em seguida, as autoridades embarcaram em um dos \u00f4nibus biarticulados com destino ao Terminal Pra\u00e7a A. A cerim\u00f4nia reuniu representantes do poder p\u00fablico e do setor privado, entre eles o prefeito de Trindade, Marden J\u00fanior; a primeira-dama de Senador Canedo, Simone Assis; o diretor da HP Transportes Coletivos, Edmundo de Carvalho Pinheiro; o CMO da Nansen, Ciro Lima; o presidente da Volvo Buses na Am\u00e9rica Latina, Andr\u00e9 Marques; e o diretor-executivo do Cons\u00f3rcio BRT, La\u00e9rcio \u00c1vila.<\/p>\n<h2>Amplia\u00e7\u00e3o do Terminal Pra\u00e7a A<\/h2>\n<p>Localizado na regi\u00e3o de Campinas, o Terminal Pra\u00e7a A \u00e9 um dos mais movimentados do sistema de transporte p\u00fablico de Goi\u00e2nia. O espa\u00e7o n\u00e3o passava por uma reforma estrutural h\u00e1 cerca de 26 anos e apresentava problemas como infiltra\u00e7\u00f5es, falhas de ilumina\u00e7\u00e3o e defici\u00eancia de acessibilidade.<\/p>\n<p><a href=\"https:\/\/brasil61.com\/n\/internet-chega-a-quase-3-mil-escolas-publicas-de-goias-mcom260248\" target=\"_blank\" rel=\"noopener\">Internet chega a quase 3 mil escolas p\u00fablicas de Goi\u00e1s<\/a><\/p>\n<p><a href=\"https:\/\/brasil61.com\/n\/ferramenta-lancada-pelo-governo-de-goias-incorpora-ia-a-seguranca-publica-para-auxiliar-no-combate-a-criminalidade-gvgo260001\" target=\"_blank\" rel=\"noopener\">Ferramenta lan\u00e7ada pelo Governo de Goi\u00e1s incorpora IA \u00e0 seguran\u00e7a p\u00fablica para auxiliar no combate \u00e0 criminalidade<\/a><\/p>\n<p><strong>Na atual gest\u00e3o, o terminal foi totalmente reconstru\u00eddo, com amplia\u00e7\u00e3o da \u00e1rea de 1.941,60 m\u00b2 para 5.541,76 m\u00b2. O investimento total foi de R$29 milh\u00f5es, e as obras foram conclu\u00eddas em nove meses. De acordo com o <a href=\"https:\/\/goias.gov.br\/\" target=\"_blank\" rel=\"noopener\">governo estadual<\/a>, aproximadamente 50 mil passageiros circulam pelo local diariamente.<\/strong><\/p>\n<p>O novo terminal passou a contar com instala\u00e7\u00f5es modernas, tecnologias de opera\u00e7\u00e3o e seguran\u00e7a, incluindo a instala\u00e7\u00e3o de 74 c\u00e2meras, al\u00e9m de atender integralmente \u00e0s normas de acessibilidade.<\/p>\n<p>O comerciante Eudes Ferreira da Silva, que trabalha h\u00e1 28 anos no local, afirmou que a mudan\u00e7a foi significativa. \u201cAntes, bastava chover para tudo alagar. Hoje, parece at\u00e9 um sonho. Ficou excelente. Acho que muita gente vai deixar o carro em casa para andar de \u00f4nibus\u201d, relatou.<\/p>\n<p>O secret\u00e1rio-geral de Governo, Adriano da Rocha Lima, ressaltou que o objetivo do projeto \u00e9 resgatar e modernizar o transporte coletivo.<\/p>\n<p>\u201cHoje temos o melhor transporte coletivo do Brasil. Empres\u00e1rios, gestores e especialistas de v\u00e1rias regi\u00f5es do pa\u00eds est\u00e3o vindo conhecer essa transforma\u00e7\u00e3o\u201d, afirmou.<br \/>\nAl\u00e9m do Terminal Pra\u00e7a A, outros quatro terminais j\u00e1 foram reconstru\u00eddos ao longo da Avenida Anhanguera: Dergo, Novo Mundo, Pra\u00e7a da B\u00edblia e Senador Canedo.<\/p>\n<p>Segundo o governo estadual, a unidade Padre Pel\u00e1gio ser\u00e1 entregue em breve, concluindo o processo de requalifica\u00e7\u00e3o dos terminais do BRT Leste-Oeste. As 19 esta\u00e7\u00f5es do corredor tamb\u00e9m j\u00e1 foram reformadas.<br \/>\n\u00a0<\/p>\n<p>\t\t\t\t\t\t\t\t\t<img loading=\"lazy\" decoding=\"async\" src=\"https:\/\/brasil61.com\/api\/v1\/serve_pixel\/20291\/87466\" alt=\"Pixel Brasil 61\" class=\"b61_pixel\" width=\"0\" height=\"0\"><\/p>\n<div class=\"br61_backlink\">\n<p>\n\t\t\t\tFonte: <a href=\"https:\/\/brasil61.com\/terminal-da-praca-a-e-reinaugurado-em-goiania-go-e-amplia-operacao-de-coletivos-21-onibus-eletricos-tambem-sao-entregues-gvgo260002\" title=\"Artigo Original: Terminal da Pra\u00e7a A \u00e9 reinaugurado em Goi\u00e2nia (GO) e amplia opera\u00e7\u00e3o de coletivos; 21 \u00f4nibus el\u00e9tricos tamb\u00e9m s\u00e3o entregues\" target=\"_blank\" rel=\"noopener\">Brasil 61<\/a>\n\t\t\t<\/p>\n<\/p><\/div>\n<input type=\"hidden\" id=\"baseurl\" value=\"https:\/\/radiomanchetefm.com.br\/wp\"><input type=\"hidden\" id=\"audio_nonce\" value=\"357f43bced\"> ","protected":false},"excerpt":{"rendered":"<p>A iniciativa comp\u00f5e o Projeto Nova RMTC, que investe R$ 2 bilh\u00f5es na melhoria de qualidade do servi\u00e7o prestado \u00e0 popula\u00e7\u00e3o de 19 munic\u00edpios<\/p>\n","protected":false},"author":2,"featured_media":10152,"comment_status":"open","ping_status":"open","sticky":false,"template":"","format":"standard","meta":{"_monsterinsights_skip_tracking":false,"_monsterinsights_sitenote_active":false,"_monsterinsights_sitenote_note":"","_monsterinsights_sitenote_category":0,"footnotes":""},"categories":[18],"tags":[],"_links":{"self":[{"href":"https:\/\/radiomanchetefm.com.br\/wp\/wp-json\/wp\/v2\/posts\/10064"}],"collection":[{"href":"https:\/\/radiomanchetefm.com.br\/wp\/wp-json\/wp\/v2\/posts"}],"about":[{"href":"https:\/\/radiomanchetefm.com.br\/wp\/wp-json\/wp\/v2\/types\/post"}],"author":[{"embeddable":true,"href":"https:\/\/radiomanchetefm.com.br\/wp\/wp-json\/wp\/v2\/users\/2"}],"replies":[{"embeddable":true,"href":"https:\/\/radiomanchetefm.com.br\/wp\/wp-json\/wp\/v2\/comments?post=10064"}],"version-history":[{"count":1,"href":"https:\/\/radiomanchetefm.com.br\/wp\/wp-json\/wp\/v2\/posts\/10064\/revisions"}],"predecessor-version":[{"id":10151,"href":"https:\/\/radiomanchetefm.com.br\/wp\/wp-json\/wp\/v2\/posts\/10064\/revisions\/10151"}],"wp:featuredmedia":[{"embeddable":true,"href":"https:\/\/radiomanchetefm.com.br\/wp\/wp-json\/wp\/v2\/media\/10152"}],"wp:attachment":[{"href":"https:\/\/radiomanchetefm.com.br\/wp\/wp-json\/wp\/v2\/media?parent=10064"}],"wp:term":[{"taxonomy":"category","embeddable":true,"href":"https:\/\/radiomanchetefm.com.br\/wp\/wp-json\/wp\/v2\/categories?post=10064"},{"taxonomy":"post_tag","embeddable":true,"href":"https:\/\/radiomanchetefm.com.br\/wp\/wp-json\/wp\/v2\/tags?post=10064"}],"curies":[{"name":"wp","href":"https:\/\/api.w.org\/{rel}","templated":true}]}}